{"id":16772,"date":"2020-05-20T22:58:07","date_gmt":"2020-05-20T22:58:07","guid":{"rendered":"http:\/\/blogdorogeriogomes.com.br\/?p=16772"},"modified":"2020-05-21T10:29:59","modified_gmt":"2020-05-21T10:29:59","slug":"quarentena-no-ceara-prossegue-ate-fim-de-maio-e-com-reforco-no-isolamento-em-municipios-do-interior","status":"publish","type":"post","link":"https:\/\/blogdorogeriogomes.com.br\/noticias\/2020\/05\/quarentena-no-ceara-prossegue-ate-fim-de-maio-e-com-reforco-no-isolamento-em-municipios-do-interior\/","title":{"rendered":"Quarentena no Cear\u00e1 prossegue at\u00e9 fim de maio e com refor\u00e7o no isolamento em munic\u00edpios do interior"},"content":{"rendered":"\n<p>A quarentena por causa do coronav\u00edrus ter\u00e1 refor\u00e7o em munic\u00edpios do interior onde o n\u00famero de casos e mortos da doen\u00e7a est\u00e1 crescendo. O decreto governamental foi prorrogado at\u00e9 o dia 31 de maio pelo governador do Cear\u00e1, Camilo Santana. Ele avalia que o avan\u00e7o da pandemia no Estado j\u00e1 mostra sinais de estabilidade, mas ainda \u00e9 necess\u00e1rio manter regras mais r\u00edgidas de isolamento social para n\u00e3o comprometer os sistemas p\u00fablico e privado de sa\u00fade. &#8220;N\u00f3s vamos fazer algumas recomenda\u00e7\u00f5es para munic\u00edpios onde o n\u00famero de contamina\u00e7\u00f5es e \u00f3bitos est\u00e3o crescendo&#8221;, refor\u00e7ou o governador. <\/p>\n\n\n\n<p>Camilo destaca que o plano de retorno das atividades econ\u00f4micas no Cear\u00e1 ser\u00e1 apresentado ainda nesta semana. A expectativa do governador cearense \u00e9 que a retomada de alguns setores j\u00e1 possa acontecer a partir de junho.&nbsp;<\/p>\n\n\n\n<p>O prefeito de Fortaleza, Roberto Cl\u00e1udio, participou do an\u00fancio do novo decreto ao lado de Camilo Santana. Ele confirmou que Fortaleza permanece com as regras mais r\u00edgidas de isolamento social at\u00e9 o fim de maio. &#8220;A gente est\u00e1 aumentando leitos de UTI, mas \u00e9 importante que todos se mantenham focados no cuidado individual, usando m\u00e1scaras e usando o \u00e1lcool em gel. Eu fa\u00e7o um apelo, popula\u00e7\u00e3o, para que se compreenda as medidas de isolamento, pois n\u00e3o podemos achar normal a taxa m\u00e9dia de 60 pessoas morrendo por dia&#8221;.<\/p>\n\n\n\n<p>O Cear\u00e1 chegou a&nbsp;30.560 casos e 1.900 mortos por Covid-19 nesta quarta-feira, dia 20 de maio. &nbsp;S\u00e3o ainda 16.431 pessoas recuperadas da doen\u00e7a. No Brasil, s\u00e3o 291.579 infectados e 3.483 \u00f3bitos. 116.683 pacientes j\u00e1 se recuperaram da doen\u00e7a.<\/p>\n\n\n\n<figure class=\"wp-block-gallery columns-1 is-cropped wp-block-gallery-1 is-layout-flex wp-block-gallery-is-layout-flex\"><ul class=\"blocks-gallery-grid\"><li class=\"blocks-gallery-item\"><figure><img loading=\"lazy\" decoding=\"async\" width=\"678\" height=\"452\" src=\"http:\/\/blogdorogeriogomes.com.br\/wp-content\/uploads\/2020\/05\/images-11-2.jpeg\" alt=\"\" data-id=\"16773\" data-full-url=\"http:\/\/blogdorogeriogomes.com.br\/wp-content\/uploads\/2020\/05\/images-11-2.jpeg\" data-link=\"http:\/\/blogdorogeriogomes.com.br\/?attachment_id=16773\" class=\"wp-image-16773\" srcset=\"https:\/\/blogdorogeriogomes.com.br\/noticias\/wp-content\/uploads\/2020\/05\/images-11-2.jpeg 678w, https:\/\/blogdorogeriogomes.com.br\/noticias\/wp-content\/uploads\/2020\/05\/images-11-2-300x200.jpeg 300w\" sizes=\"auto, (max-width: 678px) 100vw, 678px\" \/><\/figure><\/li><\/ul><\/figure>\n","protected":false},"excerpt":{"rendered":"<p>A quarentena por causa do coronav\u00edrus ter\u00e1 refor\u00e7o em munic\u00edpios do interior onde o n\u00famero de casos e mortos da doen\u00e7a est\u00e1 crescendo. O decreto governamental foi prorrogado at\u00e9 o dia 31 de maio pelo governador do Cear\u00e1, Camilo Santana. Ele avalia que o avan\u00e7o da pandemia no Estado j\u00e1 mostra sinais de estabilidade, mas ainda \u00e9 necess\u00e1rio manter regras mais r\u00edgidas de isolamento social para n\u00e3o comprometer os sistemas p\u00fablico e privado de sa\u00fade. &#8220;N\u00f3s vamos fazer algumas&hellip;<\/p>\n","protected":false},"author":1,"featured_media":16773,"comment_status":"open","ping_status":"open","sticky":false,"template":"","format":"standard","meta":{"footnotes":""},"categories":[1],"tags":[],"class_list":["post-16772","post","type-post","status-publish","format-standard","has-post-thumbnail","hentry","category-noticias"],"_links":{"self":[{"href":"https:\/\/blogdorogeriogomes.com.br\/noticias\/wp-json\/wp\/v2\/posts\/16772","targetHints":{"allow":["GET"]}}],"collection":[{"href":"https:\/\/blogdorogeriogomes.com.br\/noticias\/wp-json\/wp\/v2\/posts"}],"about":[{"href":"https:\/\/blogdorogeriogomes.com.br\/noticias\/wp-json\/wp\/v2\/types\/post"}],"author":[{"embeddable":true,"href":"https:\/\/blogdorogeriogomes.com.br\/noticias\/wp-json\/wp\/v2\/users\/1"}],"replies":[{"embeddable":true,"href":"https:\/\/blogdorogeriogomes.com.br\/noticias\/wp-json\/wp\/v2\/comments?post=16772"}],"version-history":[{"count":2,"href":"https:\/\/blogdorogeriogomes.com.br\/noticias\/wp-json\/wp\/v2\/posts\/16772\/revisions"}],"predecessor-version":[{"id":16775,"href":"https:\/\/blogdorogeriogomes.com.br\/noticias\/wp-json\/wp\/v2\/posts\/16772\/revisions\/16775"}],"wp:featuredmedia":[{"embeddable":true,"href":"https:\/\/blogdorogeriogomes.com.br\/noticias\/wp-json\/wp\/v2\/media\/16773"}],"wp:attachment":[{"href":"https:\/\/blogdorogeriogomes.com.br\/noticias\/wp-json\/wp\/v2\/media?parent=16772"}],"wp:term":[{"taxonomy":"category","embeddable":true,"href":"https:\/\/blogdorogeriogomes.com.br\/noticias\/wp-json\/wp\/v2\/categories?post=16772"},{"taxonomy":"post_tag","embeddable":true,"href":"https:\/\/blogdorogeriogomes.com.br\/noticias\/wp-json\/wp\/v2\/tags?post=16772"}],"curies":[{"name":"wp","href":"https:\/\/api.w.org\/{rel}","templated":true}]}}