{"id":16776,"date":"2020-05-21T10:43:35","date_gmt":"2020-05-21T10:43:35","guid":{"rendered":"http:\/\/blogdorogeriogomes.com.br\/?p=16776"},"modified":"2020-05-21T11:15:16","modified_gmt":"2020-05-21T11:15:16","slug":"prefeitura-da-capital-prorroga-prazo-para-que-profissionais-da-cultura-se-inscrevam-em-programa-assistencial-da-secultfor","status":"publish","type":"post","link":"https:\/\/blogdorogeriogomes.com.br\/noticias\/2020\/05\/prefeitura-da-capital-prorroga-prazo-para-que-profissionais-da-cultura-se-inscrevam-em-programa-assistencial-da-secultfor\/","title":{"rendered":"Prefeitura da Capital prorroga prazo para que profissionais da cultura se inscrevam em programa assistencial da Secultfor"},"content":{"rendered":"\n<p>A Prefeitura de Fortaleza prorrogou, por meio da Secretaria Municipal da Cultura de Fortaleza (Secultfor), o prazo de inscri\u00e7\u00e3o para o programa \u201cUma For\u00e7a para a Cultura\u201d, que concede aux\u00edlio emergencial aos profissionais do setor cultural de maior vulnerabilidade socioecon\u00f4mica atingidos pelos efeitos da pandemia da Covid-19. Os interessados devem realizar o cadastro&nbsp;at\u00e9 o dia 31 de maio.<\/p>\n\n\n\n<p>De acordo com o secret\u00e1rio da Secultfor, Gilvan Paiva, na primeira fase de inscri\u00e7\u00e3o, 2.924 trabalhadores da cultura realizaram o cadastro para adquirir o aux\u00edlio, deste total 2.134 foram aprovados em an\u00e1lise t\u00e9cnica.<\/p>\n\n\n\n<p>A a\u00e7\u00e3o concede um aux\u00edlio emergencial de R$ 200,00 para at\u00e9 5 mil trabalhadores da cultura da capital cearense, totalizando um investimento de R$ 1 milh\u00e3o. Para receber o aux\u00edlio, os profissionais devem atender aos crit\u00e9rios do regulamento e fazer o cadastro na p\u00e1gina do Programa, informando todos os dados solicitados.<br>A C\u00e2mara Municipal de Fortaleza aprovou, no dia 15 de abril de 2020, a altera\u00e7\u00e3o da Lei n\u00ba 10.432, que institui o Edital das Artes de Fortaleza. A medida visa a antecipa\u00e7\u00e3o do recurso do IX Edital das Artes, referente ao ano de 2020, e permite que o Edital anual possa, excepcionalmente em per\u00edodo de emerg\u00eancia ou calamidade, fomentar a manuten\u00e7\u00e3o das atividades de profissionais do setor cultural de maior vulnerabilidade socioecon\u00f4mica.<\/p>\n\n\n\n<figure class=\"wp-block-gallery columns-1 is-cropped wp-block-gallery-1 is-layout-flex wp-block-gallery-is-layout-flex\"><ul class=\"blocks-gallery-grid\"><li class=\"blocks-gallery-item\"><figure><img loading=\"lazy\" decoding=\"async\" width=\"640\" height=\"480\" src=\"http:\/\/blogdorogeriogomes.com.br\/wp-content\/uploads\/2020\/05\/images-12-1.jpeg\" alt=\"\" data-id=\"16778\" data-full-url=\"http:\/\/blogdorogeriogomes.com.br\/wp-content\/uploads\/2020\/05\/images-12-1.jpeg\" data-link=\"http:\/\/blogdorogeriogomes.com.br\/?attachment_id=16778\" class=\"wp-image-16778\" srcset=\"https:\/\/blogdorogeriogomes.com.br\/noticias\/wp-content\/uploads\/2020\/05\/images-12-1.jpeg 640w, https:\/\/blogdorogeriogomes.com.br\/noticias\/wp-content\/uploads\/2020\/05\/images-12-1-300x225.jpeg 300w, https:\/\/blogdorogeriogomes.com.br\/noticias\/wp-content\/uploads\/2020\/05\/images-12-1-400x300.jpeg 400w\" sizes=\"auto, (max-width: 640px) 100vw, 640px\" \/><\/figure><\/li><\/ul><\/figure>\n","protected":false},"excerpt":{"rendered":"<p>A Prefeitura de Fortaleza prorrogou, por meio da Secretaria Municipal da Cultura de Fortaleza (Secultfor), o prazo de inscri\u00e7\u00e3o para o programa \u201cUma For\u00e7a para a Cultura\u201d, que concede aux\u00edlio emergencial aos profissionais do setor cultural de maior vulnerabilidade socioecon\u00f4mica atingidos pelos efeitos da pandemia da Covid-19. Os interessados devem realizar o cadastro&nbsp;at\u00e9 o dia 31 de maio. De acordo com o secret\u00e1rio da Secultfor, Gilvan Paiva, na primeira fase de inscri\u00e7\u00e3o, 2.924 trabalhadores da cultura realizaram o cadastro&hellip;<\/p>\n","protected":false},"author":1,"featured_media":16778,"comment_status":"open","ping_status":"open","sticky":false,"template":"","format":"standard","meta":{"footnotes":""},"categories":[1],"tags":[],"class_list":["post-16776","post","type-post","status-publish","format-standard","has-post-thumbnail","hentry","category-noticias"],"_links":{"self":[{"href":"https:\/\/blogdorogeriogomes.com.br\/noticias\/wp-json\/wp\/v2\/posts\/16776","targetHints":{"allow":["GET"]}}],"collection":[{"href":"https:\/\/blogdorogeriogomes.com.br\/noticias\/wp-json\/wp\/v2\/posts"}],"about":[{"href":"https:\/\/blogdorogeriogomes.com.br\/noticias\/wp-json\/wp\/v2\/types\/post"}],"author":[{"embeddable":true,"href":"https:\/\/blogdorogeriogomes.com.br\/noticias\/wp-json\/wp\/v2\/users\/1"}],"replies":[{"embeddable":true,"href":"https:\/\/blogdorogeriogomes.com.br\/noticias\/wp-json\/wp\/v2\/comments?post=16776"}],"version-history":[{"count":2,"href":"https:\/\/blogdorogeriogomes.com.br\/noticias\/wp-json\/wp\/v2\/posts\/16776\/revisions"}],"predecessor-version":[{"id":16781,"href":"https:\/\/blogdorogeriogomes.com.br\/noticias\/wp-json\/wp\/v2\/posts\/16776\/revisions\/16781"}],"wp:featuredmedia":[{"embeddable":true,"href":"https:\/\/blogdorogeriogomes.com.br\/noticias\/wp-json\/wp\/v2\/media\/16778"}],"wp:attachment":[{"href":"https:\/\/blogdorogeriogomes.com.br\/noticias\/wp-json\/wp\/v2\/media?parent=16776"}],"wp:term":[{"taxonomy":"category","embeddable":true,"href":"https:\/\/blogdorogeriogomes.com.br\/noticias\/wp-json\/wp\/v2\/categories?post=16776"},{"taxonomy":"post_tag","embeddable":true,"href":"https:\/\/blogdorogeriogomes.com.br\/noticias\/wp-json\/wp\/v2\/tags?post=16776"}],"curies":[{"name":"wp","href":"https:\/\/api.w.org\/{rel}","templated":true}]}}