{"id":16780,"date":"2020-05-21T11:20:46","date_gmt":"2020-05-21T11:20:46","guid":{"rendered":"http:\/\/blogdorogeriogomes.com.br\/?p=16780"},"modified":"2020-05-21T12:31:34","modified_gmt":"2020-05-21T12:31:34","slug":"cbf-preve-retorno-do-futebol-em-junho-fcf-estuda-a-retomada-do-campeonato-cearense","status":"publish","type":"post","link":"https:\/\/blogdorogeriogomes.com.br\/noticias\/2020\/05\/cbf-preve-retorno-do-futebol-em-junho-fcf-estuda-a-retomada-do-campeonato-cearense\/","title":{"rendered":"CBF prev\u00ea retorno do futebol em junho. FCF estuda a retomada do Campeonato Cearense"},"content":{"rendered":"\n<p>O secret\u00e1rio-geral da CBF, Walter Feldman, defende que se o pico da pandemia do coronav\u00edrus no Brasil se consolidar at\u00e9 o fim de maio, a entidade pode trabalhar com a possibilidade do retorno dos jogos de futebol (sem torcida) durante o m\u00eas de junho. O Campeonato Brasileiro pode invadir a temporada 2021 e jogos poder\u00e3o ser marcados para datas pr\u00f3ximas ao Natal e Ano Novo.<\/p>\n\n\n\n<p>No Cear\u00e1, a Federa\u00e7\u00e3o Cearense de Futebol (FCF) faz planejamentos para a retomada do Campeonato Estadual. Como h\u00e1 uma expectativa de relaxamento de algumas atividades econ\u00f4micas em junho, o treinamento nos clubes poderia ser inclu\u00eddo no pacote. Com mais um m\u00eas de treinos, o Cearense 2020 poderia ser reiniciado em julho.<\/p>\n\n\n\n<p>No entanto, FCF e os dirigentes dos clubes esperam a autoriza\u00e7\u00e3o do Governo do Cear\u00e1 para tomar qualquer atitude. O decreto governamental, que mant\u00e9m a quarentena no Estado, foi prorrogado at\u00e9 31 de maio. Por isso, at\u00e9 l\u00e1, atletas continuam tendo de manter um ritmo de treinos em suas pr\u00f3prias resid\u00eancias.<\/p>\n\n\n\n<figure class=\"wp-block-gallery columns-1 is-cropped wp-block-gallery-1 is-layout-flex wp-block-gallery-is-layout-flex\"><ul class=\"blocks-gallery-grid\"><li class=\"blocks-gallery-item\"><figure><img loading=\"lazy\" decoding=\"async\" width=\"679\" height=\"452\" src=\"http:\/\/blogdorogeriogomes.com.br\/wp-content\/uploads\/2020\/05\/images-13-2.jpeg\" alt=\"\" data-id=\"16782\" data-full-url=\"http:\/\/blogdorogeriogomes.com.br\/wp-content\/uploads\/2020\/05\/images-13-2.jpeg\" data-link=\"http:\/\/blogdorogeriogomes.com.br\/?attachment_id=16782\" class=\"wp-image-16782\" srcset=\"https:\/\/blogdorogeriogomes.com.br\/noticias\/wp-content\/uploads\/2020\/05\/images-13-2.jpeg 679w, https:\/\/blogdorogeriogomes.com.br\/noticias\/wp-content\/uploads\/2020\/05\/images-13-2-300x200.jpeg 300w\" sizes=\"auto, (max-width: 679px) 100vw, 679px\" \/><\/figure><\/li><\/ul><\/figure>\n","protected":false},"excerpt":{"rendered":"<p>O secret\u00e1rio-geral da CBF, Walter Feldman, defende que se o pico da pandemia do coronav\u00edrus no Brasil se consolidar at\u00e9 o fim de maio, a entidade pode trabalhar com a possibilidade do retorno dos jogos de futebol (sem torcida) durante o m\u00eas de junho. O Campeonato Brasileiro pode invadir a temporada 2021 e jogos poder\u00e3o ser marcados para datas pr\u00f3ximas ao Natal e Ano Novo. No Cear\u00e1, a Federa\u00e7\u00e3o Cearense de Futebol (FCF) faz planejamentos para a retomada do&hellip;<\/p>\n","protected":false},"author":1,"featured_media":16782,"comment_status":"open","ping_status":"open","sticky":false,"template":"","format":"standard","meta":{"footnotes":""},"categories":[1],"tags":[],"class_list":["post-16780","post","type-post","status-publish","format-standard","has-post-thumbnail","hentry","category-noticias"],"_links":{"self":[{"href":"https:\/\/blogdorogeriogomes.com.br\/noticias\/wp-json\/wp\/v2\/posts\/16780","targetHints":{"allow":["GET"]}}],"collection":[{"href":"https:\/\/blogdorogeriogomes.com.br\/noticias\/wp-json\/wp\/v2\/posts"}],"about":[{"href":"https:\/\/blogdorogeriogomes.com.br\/noticias\/wp-json\/wp\/v2\/types\/post"}],"author":[{"embeddable":true,"href":"https:\/\/blogdorogeriogomes.com.br\/noticias\/wp-json\/wp\/v2\/users\/1"}],"replies":[{"embeddable":true,"href":"https:\/\/blogdorogeriogomes.com.br\/noticias\/wp-json\/wp\/v2\/comments?post=16780"}],"version-history":[{"count":1,"href":"https:\/\/blogdorogeriogomes.com.br\/noticias\/wp-json\/wp\/v2\/posts\/16780\/revisions"}],"predecessor-version":[{"id":16783,"href":"https:\/\/blogdorogeriogomes.com.br\/noticias\/wp-json\/wp\/v2\/posts\/16780\/revisions\/16783"}],"wp:featuredmedia":[{"embeddable":true,"href":"https:\/\/blogdorogeriogomes.com.br\/noticias\/wp-json\/wp\/v2\/media\/16782"}],"wp:attachment":[{"href":"https:\/\/blogdorogeriogomes.com.br\/noticias\/wp-json\/wp\/v2\/media?parent=16780"}],"wp:term":[{"taxonomy":"category","embeddable":true,"href":"https:\/\/blogdorogeriogomes.com.br\/noticias\/wp-json\/wp\/v2\/categories?post=16780"},{"taxonomy":"post_tag","embeddable":true,"href":"https:\/\/blogdorogeriogomes.com.br\/noticias\/wp-json\/wp\/v2\/tags?post=16780"}],"curies":[{"name":"wp","href":"https:\/\/api.w.org\/{rel}","templated":true}]}}