{"id":16784,"date":"2020-05-21T16:40:53","date_gmt":"2020-05-21T16:40:53","guid":{"rendered":"http:\/\/blogdorogeriogomes.com.br\/?p=16784"},"modified":"2020-05-22T12:54:09","modified_gmt":"2020-05-22T12:54:09","slug":"em-reuniao-virtual-com-governadores-bolsonaro-acena-com-a-liberacao-de-recursos-para-os-estados","status":"publish","type":"post","link":"https:\/\/blogdorogeriogomes.com.br\/noticias\/2020\/05\/em-reuniao-virtual-com-governadores-bolsonaro-acena-com-a-liberacao-de-recursos-para-os-estados\/","title":{"rendered":"Em reuni\u00e3o virtual com governadores, Bolsonaro acena com a libera\u00e7\u00e3o de recursos para os estados"},"content":{"rendered":"\n<p>O presidente Jair Bolsonaro anunciou nesta quinta-feira, dia 21 de maio, em reuni\u00e3o virtual com governadores de todo o Pa\u00eds, que sancionar\u00e1 o projeto de aux\u00edlio de 60 bilh\u00f5es de reais para estados e munic\u00edpios fazerem frente \u00e0 crise provocada pela pandemia da Covid-19. Os governadores pedem a libera\u00e7\u00e3o imediata dos recursos devido \u00e0s perdas com arrecada\u00e7\u00e3o de impostos, principalmente, o Imposto sobre Circula\u00e7\u00e3o de Mercadorias e Servi\u00e7os (ICMS).<\/p>\n\n\n\n<p>Durante a reuni\u00e3o, da qual tamb\u00e9m participaram os presidentes do Senado, Davi Alcolumbre, e da C\u00e2mara dos Deputados, Rodrigo Maia, o presidente pediu apoio aos governadores ao veto referente ao aumento para servidores p\u00fablicos e ouviu do governador do Mato Grosso do Sul, Reinaldo Azambuja, que a maioria dos chefes dos Executivos estaduais apoia o veto. Segundo o presidente Bolsonaro, a cota de sacrif\u00edcio dos servidores \u00e9 n\u00e3o ter reajuste at\u00e9 31 de dezembro do ano que vem. <\/p>\n\n\n\n<figure class=\"wp-block-gallery columns-1 is-cropped wp-block-gallery-1 is-layout-flex wp-block-gallery-is-layout-flex\"><ul class=\"blocks-gallery-grid\"><li class=\"blocks-gallery-item\"><figure><img loading=\"lazy\" decoding=\"async\" width=\"1024\" height=\"768\" src=\"http:\/\/blogdorogeriogomes.com.br\/wp-content\/uploads\/2020\/05\/EYjGrpmXgAABEJe-1024x768.jpeg\" alt=\"\" data-id=\"16785\" data-full-url=\"http:\/\/blogdorogeriogomes.com.br\/wp-content\/uploads\/2020\/05\/EYjGrpmXgAABEJe.jpeg\" data-link=\"http:\/\/blogdorogeriogomes.com.br\/?attachment_id=16785\" class=\"wp-image-16785\" srcset=\"https:\/\/blogdorogeriogomes.com.br\/noticias\/wp-content\/uploads\/2020\/05\/EYjGrpmXgAABEJe-1024x768.jpeg 1024w, https:\/\/blogdorogeriogomes.com.br\/noticias\/wp-content\/uploads\/2020\/05\/EYjGrpmXgAABEJe-300x225.jpeg 300w, https:\/\/blogdorogeriogomes.com.br\/noticias\/wp-content\/uploads\/2020\/05\/EYjGrpmXgAABEJe-768x576.jpeg 768w, https:\/\/blogdorogeriogomes.com.br\/noticias\/wp-content\/uploads\/2020\/05\/EYjGrpmXgAABEJe-1536x1152.jpeg 1536w, https:\/\/blogdorogeriogomes.com.br\/noticias\/wp-content\/uploads\/2020\/05\/EYjGrpmXgAABEJe-800x600.jpeg 800w, https:\/\/blogdorogeriogomes.com.br\/noticias\/wp-content\/uploads\/2020\/05\/EYjGrpmXgAABEJe-400x300.jpeg 400w, https:\/\/blogdorogeriogomes.com.br\/noticias\/wp-content\/uploads\/2020\/05\/EYjGrpmXgAABEJe.jpeg 2048w\" sizes=\"auto, (max-width: 1024px) 100vw, 1024px\" \/><\/figure><\/li><\/ul><\/figure>\n\n\n\n<p>O governador do Cear\u00e1, Camilo Santana, participou da reuni\u00e3o, mas n\u00e3o fez nenhuma interven\u00e7\u00e3o. Pelas redes sociais, Camilo destacou que o momento exige &#8220;uni\u00e3o de todos, deixando de lado diverg\u00eancias pol\u00edticas e ideol\u00f3gicas. O mais importante \u00e9 a prote\u00e7\u00e3o de todos brasileiros para superar a crise&#8221;.<\/p>\n","protected":false},"excerpt":{"rendered":"<p>O presidente Jair Bolsonaro anunciou nesta quinta-feira, dia 21 de maio, em reuni\u00e3o virtual com governadores de todo o Pa\u00eds, que sancionar\u00e1 o projeto de aux\u00edlio de 60 bilh\u00f5es de reais para estados e munic\u00edpios fazerem frente \u00e0 crise provocada pela pandemia da Covid-19. Os governadores pedem a libera\u00e7\u00e3o imediata dos recursos devido \u00e0s perdas com arrecada\u00e7\u00e3o de impostos, principalmente, o Imposto sobre Circula\u00e7\u00e3o de Mercadorias e Servi\u00e7os (ICMS). Durante a reuni\u00e3o, da qual tamb\u00e9m participaram os presidentes do&hellip;<\/p>\n","protected":false},"author":1,"featured_media":16785,"comment_status":"open","ping_status":"open","sticky":false,"template":"","format":"standard","meta":{"footnotes":""},"categories":[1],"tags":[],"class_list":["post-16784","post","type-post","status-publish","format-standard","has-post-thumbnail","hentry","category-noticias"],"_links":{"self":[{"href":"https:\/\/blogdorogeriogomes.com.br\/noticias\/wp-json\/wp\/v2\/posts\/16784","targetHints":{"allow":["GET"]}}],"collection":[{"href":"https:\/\/blogdorogeriogomes.com.br\/noticias\/wp-json\/wp\/v2\/posts"}],"about":[{"href":"https:\/\/blogdorogeriogomes.com.br\/noticias\/wp-json\/wp\/v2\/types\/post"}],"author":[{"embeddable":true,"href":"https:\/\/blogdorogeriogomes.com.br\/noticias\/wp-json\/wp\/v2\/users\/1"}],"replies":[{"embeddable":true,"href":"https:\/\/blogdorogeriogomes.com.br\/noticias\/wp-json\/wp\/v2\/comments?post=16784"}],"version-history":[{"count":1,"href":"https:\/\/blogdorogeriogomes.com.br\/noticias\/wp-json\/wp\/v2\/posts\/16784\/revisions"}],"predecessor-version":[{"id":16786,"href":"https:\/\/blogdorogeriogomes.com.br\/noticias\/wp-json\/wp\/v2\/posts\/16784\/revisions\/16786"}],"wp:featuredmedia":[{"embeddable":true,"href":"https:\/\/blogdorogeriogomes.com.br\/noticias\/wp-json\/wp\/v2\/media\/16785"}],"wp:attachment":[{"href":"https:\/\/blogdorogeriogomes.com.br\/noticias\/wp-json\/wp\/v2\/media?parent=16784"}],"wp:term":[{"taxonomy":"category","embeddable":true,"href":"https:\/\/blogdorogeriogomes.com.br\/noticias\/wp-json\/wp\/v2\/categories?post=16784"},{"taxonomy":"post_tag","embeddable":true,"href":"https:\/\/blogdorogeriogomes.com.br\/noticias\/wp-json\/wp\/v2\/tags?post=16784"}],"curies":[{"name":"wp","href":"https:\/\/api.w.org\/{rel}","templated":true}]}}