{"id":16787,"date":"2020-05-21T23:12:44","date_gmt":"2020-05-21T23:12:44","guid":{"rendered":"http:\/\/blogdorogeriogomes.com.br\/?p=16787"},"modified":"2020-05-22T12:53:59","modified_gmt":"2020-05-22T12:53:59","slug":"entidades-organizadas-e-partidos-de-oposicao-entram-com-32-pedido-de-impeachment-contra-jair-bolsonaro","status":"publish","type":"post","link":"https:\/\/blogdorogeriogomes.com.br\/noticias\/2020\/05\/entidades-organizadas-e-partidos-de-oposicao-entram-com-32-pedido-de-impeachment-contra-jair-bolsonaro\/","title":{"rendered":"Entidades organizadas e partidos de oposi\u00e7\u00e3o entram com 32\u00b0 pedido de impeachment contra Jair Bolsonaro"},"content":{"rendered":"\n<p>Cerca de 400 entidades da sociedade civil, al\u00e9m de personalidades p\u00fablicas como juristas, pol\u00edticos e os partidos de oposi\u00e7\u00e3o PT, PCdoB, PSOL, PCB, PCO, PSTU e UP, entregaram, nesta quinta-feira, dia 21 de maio, o 32\u00b0 pedido de impeachment de Jair Bolsonaro \u00e0 C\u00e2mara dos Deputados. Ele \u00e9 acusado de cometer crimes de responsabilidade e atentar contra a sa\u00fade p\u00fablica ao violar recomenda\u00e7\u00f5es da Organiza\u00e7\u00e3o Mundial da Sa\u00fade (OMS). Por exemplo, estimulou e compareceu a manifesta\u00e7\u00f5es de rua, enquanto, segundo autoridades m\u00e9dicas, aglomera\u00e7\u00f5es aumentam a propaga\u00e7\u00e3o do coronav\u00edrus.<\/p>\n\n\n\n<p>Outros argumentos para a instala\u00e7\u00e3o do processo contra Bolsonaro por crimes de responsabilidade s\u00e3o os discursos dele contra o Supremo Tribunal Federal, a convoca\u00e7\u00e3o de empres\u00e1rios para a &#8220;guerra contra governadores&#8221; \u00e0 frente da Covid-19, o bloqueio da compra de respiradores e outros equipamentos de sa\u00fade por estados e munic\u00edpios, o apoio \u00e0 mil\u00edcia paramilitar &#8220;Acampamento dos 300&#8221;, incita\u00e7\u00e3o de subleva\u00e7\u00e3o das For\u00e7as Armadas contra a democracia, al\u00e9m de pronunciamentos e atos durante a pandemia que configuram crimes contra a sa\u00fade p\u00fablica.&nbsp;A Federa\u00e7\u00e3o Nacional dos Jornalistas (Fenaj) \u00e9 uma das entidades que assinam o pedido de impeachment.<\/p>\n\n\n\n<p>O novo pedido de impeachment acontece na semana em que foi divulgada pesquisa encomendada pela consultoria XP Investimentos ao Instituto Ipespe que mostra uma tend\u00eancia de piora na avalia\u00e7\u00e3o do governo de Jair Bolsonaro \u00e0 medida que avan\u00e7a a pandemia de coronav\u00edrus. Os que consideram o governo bom ou \u00f3timo oscilaram de 27% na rodada conclu\u00edda em 30 de abril para 25% agora, enquanto os que avaliam a gest\u00e3o como ruim ou p\u00e9ssima passaram de 49% para 50%.<\/p>\n\n\n\n<p>Em tempo: nesta quinta-feira, dia 21 de maio, o Supremo Tribunal Federal (STF) decidiu limitar os efeitos da Medida Provis\u00f3ria do Governo Bolsonaro editada com o objetivo de isentar agentes p\u00fablicos de responsabiliza\u00e7\u00e3o civil e administrativa por atos de resposta \u00e0 pandemia do novo coronav\u00edrus.<\/p>\n\n\n\n<figure class=\"wp-block-gallery columns-1 is-cropped wp-block-gallery-1 is-layout-flex wp-block-gallery-is-layout-flex\"><ul class=\"blocks-gallery-grid\"><li class=\"blocks-gallery-item\"><figure><img loading=\"lazy\" decoding=\"async\" width=\"640\" height=\"340\" src=\"http:\/\/blogdorogeriogomes.com.br\/wp-content\/uploads\/2020\/05\/images-14-2.jpeg\" alt=\"\" data-id=\"16788\" data-full-url=\"http:\/\/blogdorogeriogomes.com.br\/wp-content\/uploads\/2020\/05\/images-14-2.jpeg\" data-link=\"http:\/\/blogdorogeriogomes.com.br\/?attachment_id=16788\" class=\"wp-image-16788\" srcset=\"https:\/\/blogdorogeriogomes.com.br\/noticias\/wp-content\/uploads\/2020\/05\/images-14-2.jpeg 640w, https:\/\/blogdorogeriogomes.com.br\/noticias\/wp-content\/uploads\/2020\/05\/images-14-2-300x159.jpeg 300w\" sizes=\"auto, (max-width: 640px) 100vw, 640px\" \/><\/figure><\/li><\/ul><\/figure>\n\n\n\n<p>A maioria dos ministros determinou que as medidas de enfrentamento \u00e0 pandemia devem seguir crit\u00e9rios cient\u00edficos reconhecidos por autoridades m\u00e9dicas e sanit\u00e1rias e que a atua\u00e7\u00e3o contr\u00e1ria \u00e0 ci\u00eancia pode configurar &#8220;erro grosseiro&#8221; pass\u00edvel de responsabiliza\u00e7\u00e3o do agente p\u00fablico.<\/p>\n\n\n\n<p><\/p>\n\n\n\n<p><\/p>\n","protected":false},"excerpt":{"rendered":"<p>Cerca de 400 entidades da sociedade civil, al\u00e9m de personalidades p\u00fablicas como juristas, pol\u00edticos e os partidos de oposi\u00e7\u00e3o PT, PCdoB, PSOL, PCB, PCO, PSTU e UP, entregaram, nesta quinta-feira, dia 21 de maio, o 32\u00b0 pedido de impeachment de Jair Bolsonaro \u00e0 C\u00e2mara dos Deputados. Ele \u00e9 acusado de cometer crimes de responsabilidade e atentar contra a sa\u00fade p\u00fablica ao violar recomenda\u00e7\u00f5es da Organiza\u00e7\u00e3o Mundial da Sa\u00fade (OMS). Por exemplo, estimulou e compareceu a manifesta\u00e7\u00f5es de rua, enquanto,&hellip;<\/p>\n","protected":false},"author":1,"featured_media":16788,"comment_status":"open","ping_status":"open","sticky":false,"template":"","format":"standard","meta":{"footnotes":""},"categories":[1],"tags":[],"class_list":["post-16787","post","type-post","status-publish","format-standard","has-post-thumbnail","hentry","category-noticias"],"_links":{"self":[{"href":"https:\/\/blogdorogeriogomes.com.br\/noticias\/wp-json\/wp\/v2\/posts\/16787","targetHints":{"allow":["GET"]}}],"collection":[{"href":"https:\/\/blogdorogeriogomes.com.br\/noticias\/wp-json\/wp\/v2\/posts"}],"about":[{"href":"https:\/\/blogdorogeriogomes.com.br\/noticias\/wp-json\/wp\/v2\/types\/post"}],"author":[{"embeddable":true,"href":"https:\/\/blogdorogeriogomes.com.br\/noticias\/wp-json\/wp\/v2\/users\/1"}],"replies":[{"embeddable":true,"href":"https:\/\/blogdorogeriogomes.com.br\/noticias\/wp-json\/wp\/v2\/comments?post=16787"}],"version-history":[{"count":2,"href":"https:\/\/blogdorogeriogomes.com.br\/noticias\/wp-json\/wp\/v2\/posts\/16787\/revisions"}],"predecessor-version":[{"id":16797,"href":"https:\/\/blogdorogeriogomes.com.br\/noticias\/wp-json\/wp\/v2\/posts\/16787\/revisions\/16797"}],"wp:featuredmedia":[{"embeddable":true,"href":"https:\/\/blogdorogeriogomes.com.br\/noticias\/wp-json\/wp\/v2\/media\/16788"}],"wp:attachment":[{"href":"https:\/\/blogdorogeriogomes.com.br\/noticias\/wp-json\/wp\/v2\/media?parent=16787"}],"wp:term":[{"taxonomy":"category","embeddable":true,"href":"https:\/\/blogdorogeriogomes.com.br\/noticias\/wp-json\/wp\/v2\/categories?post=16787"},{"taxonomy":"post_tag","embeddable":true,"href":"https:\/\/blogdorogeriogomes.com.br\/noticias\/wp-json\/wp\/v2\/tags?post=16787"}],"curies":[{"name":"wp","href":"https:\/\/api.w.org\/{rel}","templated":true}]}}