{"id":16790,"date":"2020-05-21T23:42:06","date_gmt":"2020-05-21T23:42:06","guid":{"rendered":"http:\/\/blogdorogeriogomes.com.br\/?p=16790"},"modified":"2020-05-22T12:53:51","modified_gmt":"2020-05-22T12:53:51","slug":"ceara-registra-261-mortes-por-covid-19-nas-ultimas-24-horas-e-a-maior-marca-desde-o-inicio-da-pandemia","status":"publish","type":"post","link":"https:\/\/blogdorogeriogomes.com.br\/noticias\/2020\/05\/ceara-registra-261-mortes-por-covid-19-nas-ultimas-24-horas-e-a-maior-marca-desde-o-inicio-da-pandemia\/","title":{"rendered":"Cear\u00e1 registra 261 mortes por Covid-19 nas \u00faltimas 24 horas. \u00c9 a maior marca desde o in\u00edcio da pandemia"},"content":{"rendered":"\n<p>O crescimento das mortes por Covid-19 no Cear\u00e1 atingiu um novo recorde nesta quinta-feira, dia 21 de maio. Boletim da Secretaria de Sa\u00fade do Estado, divulgado no in\u00edcio da noite, registrou 261 mortes por coronav\u00edrus nas \u00faltimas 24 horas. \u00c9 a maior marca desde o in\u00edcio da pandemia. J\u00e1 s\u00e3o 2.161 mortes causadas por Covid-19 no Estado at\u00e9 agora. O acumulado de casos confirmados soma 31.413 casos no Cear\u00e1. H\u00e1 ainda 18.258 pessoas que se recuperaram.&nbsp;<\/p>\n\n\n\n<p>O Brasil ultrapassou mais de mil mortes em 24 horas em decorr\u00eancia do novo coronav\u00edrus. Foram 1.188 \u00f3bitos de quarta pra quinta-feira, totalizando 20.047 mortes pela doen\u00e7a no Pa\u00eds. Segundo o boletim mais recente do Minist\u00e9rio da Sa\u00fade, o Brasil tamb\u00e9m atingiu a marca de 310.087 diagn\u00f3sticos de pacientes infectados.<\/p>\n\n\n\n<figure class=\"wp-block-gallery columns-1 is-cropped wp-block-gallery-1 is-layout-flex wp-block-gallery-is-layout-flex\"><ul class=\"blocks-gallery-grid\"><li class=\"blocks-gallery-item\"><figure><img loading=\"lazy\" decoding=\"async\" width=\"800\" height=\"478\" src=\"http:\/\/blogdorogeriogomes.com.br\/wp-content\/uploads\/2020\/05\/Pais-registra-346-novas-mortes-passa-de-4_000-caso0298855500202004251839-sm.jpg\" alt=\"\" data-id=\"16791\" data-full-url=\"http:\/\/blogdorogeriogomes.com.br\/wp-content\/uploads\/2020\/05\/Pais-registra-346-novas-mortes-passa-de-4_000-caso0298855500202004251839-sm.jpg\" data-link=\"http:\/\/blogdorogeriogomes.com.br\/?attachment_id=16791\" class=\"wp-image-16791\" srcset=\"https:\/\/blogdorogeriogomes.com.br\/noticias\/wp-content\/uploads\/2020\/05\/Pais-registra-346-novas-mortes-passa-de-4_000-caso0298855500202004251839-sm.jpg 800w, https:\/\/blogdorogeriogomes.com.br\/noticias\/wp-content\/uploads\/2020\/05\/Pais-registra-346-novas-mortes-passa-de-4_000-caso0298855500202004251839-sm-300x179.jpg 300w, https:\/\/blogdorogeriogomes.com.br\/noticias\/wp-content\/uploads\/2020\/05\/Pais-registra-346-novas-mortes-passa-de-4_000-caso0298855500202004251839-sm-768x459.jpg 768w\" sizes=\"auto, (max-width: 800px) 100vw, 800px\" \/><\/figure><\/li><\/ul><\/figure>\n","protected":false},"excerpt":{"rendered":"<p>O crescimento das mortes por Covid-19 no Cear\u00e1 atingiu um novo recorde nesta quinta-feira, dia 21 de maio. Boletim da Secretaria de Sa\u00fade do Estado, divulgado no in\u00edcio da noite, registrou 261 mortes por coronav\u00edrus nas \u00faltimas 24 horas. \u00c9 a maior marca desde o in\u00edcio da pandemia. J\u00e1 s\u00e3o 2.161 mortes causadas por Covid-19 no Estado at\u00e9 agora. O acumulado de casos confirmados soma 31.413 casos no Cear\u00e1. H\u00e1 ainda 18.258 pessoas que se recuperaram.&nbsp; O Brasil ultrapassou&hellip;<\/p>\n","protected":false},"author":1,"featured_media":16791,"comment_status":"open","ping_status":"open","sticky":false,"template":"","format":"standard","meta":{"footnotes":""},"categories":[1],"tags":[],"class_list":["post-16790","post","type-post","status-publish","format-standard","has-post-thumbnail","hentry","category-noticias"],"_links":{"self":[{"href":"https:\/\/blogdorogeriogomes.com.br\/noticias\/wp-json\/wp\/v2\/posts\/16790","targetHints":{"allow":["GET"]}}],"collection":[{"href":"https:\/\/blogdorogeriogomes.com.br\/noticias\/wp-json\/wp\/v2\/posts"}],"about":[{"href":"https:\/\/blogdorogeriogomes.com.br\/noticias\/wp-json\/wp\/v2\/types\/post"}],"author":[{"embeddable":true,"href":"https:\/\/blogdorogeriogomes.com.br\/noticias\/wp-json\/wp\/v2\/users\/1"}],"replies":[{"embeddable":true,"href":"https:\/\/blogdorogeriogomes.com.br\/noticias\/wp-json\/wp\/v2\/comments?post=16790"}],"version-history":[{"count":3,"href":"https:\/\/blogdorogeriogomes.com.br\/noticias\/wp-json\/wp\/v2\/posts\/16790\/revisions"}],"predecessor-version":[{"id":16796,"href":"https:\/\/blogdorogeriogomes.com.br\/noticias\/wp-json\/wp\/v2\/posts\/16790\/revisions\/16796"}],"wp:featuredmedia":[{"embeddable":true,"href":"https:\/\/blogdorogeriogomes.com.br\/noticias\/wp-json\/wp\/v2\/media\/16791"}],"wp:attachment":[{"href":"https:\/\/blogdorogeriogomes.com.br\/noticias\/wp-json\/wp\/v2\/media?parent=16790"}],"wp:term":[{"taxonomy":"category","embeddable":true,"href":"https:\/\/blogdorogeriogomes.com.br\/noticias\/wp-json\/wp\/v2\/categories?post=16790"},{"taxonomy":"post_tag","embeddable":true,"href":"https:\/\/blogdorogeriogomes.com.br\/noticias\/wp-json\/wp\/v2\/tags?post=16790"}],"curies":[{"name":"wp","href":"https:\/\/api.w.org\/{rel}","templated":true}]}}