{"id":16794,"date":"2020-05-22T10:27:17","date_gmt":"2020-05-22T10:27:17","guid":{"rendered":"http:\/\/blogdorogeriogomes.com.br\/?p=16794"},"modified":"2020-05-22T12:55:48","modified_gmt":"2020-05-22T12:55:48","slug":"assembleia-legislativa-regulamenta-sessoes-secretas-virtuais-e-abre-caminho-para-votar-punicao-ao-deputado-andre-fernandes","status":"publish","type":"post","link":"https:\/\/blogdorogeriogomes.com.br\/noticias\/2020\/05\/assembleia-legislativa-regulamenta-sessoes-secretas-virtuais-e-abre-caminho-para-votar-punicao-ao-deputado-andre-fernandes\/","title":{"rendered":"Assembleia Legislativa regulamenta sess\u00f5es secretas virtuais e abre caminho para votar puni\u00e7\u00e3o ao deputado Andr\u00e9 Fernandes"},"content":{"rendered":"\n<p>O deputado estadual Andr\u00e9 Fernandes (PSL) segue a linha do presidente Jair Bolsonaro. Tem buscado o enfrentamento com os colegas deputados na Assembleia Legislativa do Cear\u00e1 e a rea\u00e7\u00e3o pode ser uma puni\u00e7\u00e3o atrav\u00e9s do Conselho de \u00c9tica da Casa. O primeiro caso envolveu acusa\u00e7\u00f5es de Fernandes, sem provas, contra Nezinho Farias (PDT) de envolvimento com o crime organizado. Andr\u00e9 Fernandes est\u00e1 pass\u00edvel de uma suspens\u00e3o tempor\u00e1ria das atividades como deputado por 30 dias. <\/p>\n\n\n\n<p>Nesta quinta-feira, dia 21 de maio, a Assembleia Legislativa regulamentou, inclusive, o sistema de delibera\u00e7\u00e3o remota da Casa, incluindo no Regimento Interno as regras para sess\u00f5es \u00e0 dist\u00e2ncia, at\u00e9 mesmo para a realiza\u00e7\u00e3o de vota\u00e7\u00f5es secretas virtuais. A medida abre caminho para a vota\u00e7\u00e3o do processo disciplinar em curso contra o deputado estadual Andr\u00e9 Fernandes por quebra de decoro parlamentar.<\/p>\n\n\n\n<p>Nesta sexta-feira, dia 22, \u00e9 a vez do PDT protocolar uma nova representa\u00e7\u00e3o por quebra de decoro parlamentar contra Andr\u00e9 Fernandes, que acusou o deputado pedetista Osmar Baquit de ter liga\u00e7\u00f5es com uma quadrilha criminosa no interior. Mais uma vez sem apresentar provas.<\/p>\n\n\n\n<p>Nesta semana, cerca de 100 m\u00e9dicos encaminharam um abaixo-assinado para&nbsp;a Assembleia Legislativa pedindo a cassa\u00e7\u00e3o do mandato do deputado estadual Andr\u00e9 Fernandes. O documento acusa o parlamentar de divulgar falsas informa\u00e7\u00f5es ao ter afirmado que o secret\u00e1rio de Sa\u00fade do Cear\u00e1, Dr. Cabeto, altera atestados de \u00f3bitos por Covid-19 no Estado. A acusa\u00e7\u00e3o sem qualquer prova causou revolta entre profissionais que est\u00e3o na linha de frente de combate \u00e0 pandemia. O Partido Socialismo e Liberdade (PSOL) tamb\u00e9m&nbsp;pediu puni\u00e7\u00e3o a Andr\u00e9 Fernandes.<\/p>\n\n\n\n\n\n<figure class=\"wp-block-image\"><a href=\"https:\/\/www.opovo.com.br\/_midias\/jpg\/2019\/06\/28\/750x500\/1_img_8594-3177021.jpg\"><img decoding=\"async\" src=\"https:\/\/www.opovo.com.br\/_midias\/jpg\/2019\/06\/28\/750x500\/1_img_8594-3177021.jpg\" alt=\"Deputado \u00e9 alvo de manifesta\u00e7\u00f5es (Foto: Mauri Melo)\"\/><\/a><\/figure>\n","protected":false},"excerpt":{"rendered":"<p>O deputado estadual Andr\u00e9 Fernandes (PSL) segue a linha do presidente Jair Bolsonaro. Tem buscado o enfrentamento com os colegas deputados na Assembleia Legislativa do Cear\u00e1 e a rea\u00e7\u00e3o pode ser uma puni\u00e7\u00e3o atrav\u00e9s do Conselho de \u00c9tica da Casa. O primeiro caso envolveu acusa\u00e7\u00f5es de Fernandes, sem provas, contra Nezinho Farias (PDT) de envolvimento com o crime organizado. Andr\u00e9 Fernandes est\u00e1 pass\u00edvel de uma suspens\u00e3o tempor\u00e1ria das atividades como deputado por 30 dias. Nesta quinta-feira, dia 21 de&hellip;<\/p>\n","protected":false},"author":1,"featured_media":16798,"comment_status":"open","ping_status":"open","sticky":false,"template":"","format":"standard","meta":{"footnotes":""},"categories":[1],"tags":[],"class_list":["post-16794","post","type-post","status-publish","format-standard","has-post-thumbnail","hentry","category-noticias"],"_links":{"self":[{"href":"https:\/\/blogdorogeriogomes.com.br\/noticias\/wp-json\/wp\/v2\/posts\/16794","targetHints":{"allow":["GET"]}}],"collection":[{"href":"https:\/\/blogdorogeriogomes.com.br\/noticias\/wp-json\/wp\/v2\/posts"}],"about":[{"href":"https:\/\/blogdorogeriogomes.com.br\/noticias\/wp-json\/wp\/v2\/types\/post"}],"author":[{"embeddable":true,"href":"https:\/\/blogdorogeriogomes.com.br\/noticias\/wp-json\/wp\/v2\/users\/1"}],"replies":[{"embeddable":true,"href":"https:\/\/blogdorogeriogomes.com.br\/noticias\/wp-json\/wp\/v2\/comments?post=16794"}],"version-history":[{"count":2,"href":"https:\/\/blogdorogeriogomes.com.br\/noticias\/wp-json\/wp\/v2\/posts\/16794\/revisions"}],"predecessor-version":[{"id":16799,"href":"https:\/\/blogdorogeriogomes.com.br\/noticias\/wp-json\/wp\/v2\/posts\/16794\/revisions\/16799"}],"wp:featuredmedia":[{"embeddable":true,"href":"https:\/\/blogdorogeriogomes.com.br\/noticias\/wp-json\/wp\/v2\/media\/16798"}],"wp:attachment":[{"href":"https:\/\/blogdorogeriogomes.com.br\/noticias\/wp-json\/wp\/v2\/media?parent=16794"}],"wp:term":[{"taxonomy":"category","embeddable":true,"href":"https:\/\/blogdorogeriogomes.com.br\/noticias\/wp-json\/wp\/v2\/categories?post=16794"},{"taxonomy":"post_tag","embeddable":true,"href":"https:\/\/blogdorogeriogomes.com.br\/noticias\/wp-json\/wp\/v2\/tags?post=16794"}],"curies":[{"name":"wp","href":"https:\/\/api.w.org\/{rel}","templated":true}]}}