{"id":16800,"date":"2020-05-22T14:01:17","date_gmt":"2020-05-22T14:01:17","guid":{"rendered":"http:\/\/blogdorogeriogomes.com.br\/?p=16800"},"modified":"2020-05-22T16:18:55","modified_gmt":"2020-05-22T16:18:55","slug":"ministro-celso-de-mello-faz-solicitacao-a-pgr-para-apreensao-dos-celulares-de-bolsonaro-e-de-carlos-bolsonaro","status":"publish","type":"post","link":"https:\/\/blogdorogeriogomes.com.br\/noticias\/2020\/05\/ministro-celso-de-mello-faz-solicitacao-a-pgr-para-apreensao-dos-celulares-de-bolsonaro-e-de-carlos-bolsonaro\/","title":{"rendered":"Ministro Celso de Mello faz solicita\u00e7\u00e3o \u00e0 PGR para apreens\u00e3o dos celulares de Bolsonaro e de Carlos Bolsonaro"},"content":{"rendered":"\n<p>O ministro Celso de Mello, do Supremo Tribunal Federal (STF), enviou \u00e0 Procuradoria Geral da Rep\u00fablica (PGR) tr\u00eas not\u00edcias-crimes relacionadas \u00e0 investiga\u00e7\u00e3o sobre a suposta interfer\u00eancia do presidente Jair Bolsonaro na Pol\u00edcia Federal. Entre as medidas solicitadas est\u00e3o a busca e apreens\u00e3o do celular do presidente e de seu filho, Carlos Bolsonaro, para per\u00edcia.<\/p>\n\n\n\n<p>Tamb\u00e9m foram solicitadas per\u00edcias nos celulares de Maur\u00edcio Valeixo, ex-diretor geral da Pol\u00edcia Federal exonerado por Bolsonaro; do ex-ministro da Justi\u00e7a de Seguran\u00e7a P\u00fablica Sergio Moro; e da deputada federal Carla Zambelli (PSL\/SP).<\/p>\n\n\n\n<figure class=\"wp-block-gallery columns-1 is-cropped wp-block-gallery-1 is-layout-flex wp-block-gallery-is-layout-flex\"><ul class=\"blocks-gallery-grid\"><li class=\"blocks-gallery-item\"><figure><img loading=\"lazy\" decoding=\"async\" width=\"691\" height=\"444\" src=\"http:\/\/blogdorogeriogomes.com.br\/wp-content\/uploads\/2020\/05\/images-15-1.jpeg\" alt=\"\" data-id=\"16801\" data-full-url=\"http:\/\/blogdorogeriogomes.com.br\/wp-content\/uploads\/2020\/05\/images-15-1.jpeg\" data-link=\"http:\/\/blogdorogeriogomes.com.br\/?attachment_id=16801\" class=\"wp-image-16801\" srcset=\"https:\/\/blogdorogeriogomes.com.br\/noticias\/wp-content\/uploads\/2020\/05\/images-15-1.jpeg 691w, https:\/\/blogdorogeriogomes.com.br\/noticias\/wp-content\/uploads\/2020\/05\/images-15-1-300x193.jpeg 300w\" sizes=\"auto, (max-width: 691px) 100vw, 691px\" \/><\/figure><\/li><\/ul><\/figure>\n\n\n\n<p><\/p>\n","protected":false},"excerpt":{"rendered":"<p>O ministro Celso de Mello, do Supremo Tribunal Federal (STF), enviou \u00e0 Procuradoria Geral da Rep\u00fablica (PGR) tr\u00eas not\u00edcias-crimes relacionadas \u00e0 investiga\u00e7\u00e3o sobre a suposta interfer\u00eancia do presidente Jair Bolsonaro na Pol\u00edcia Federal. Entre as medidas solicitadas est\u00e3o a busca e apreens\u00e3o do celular do presidente e de seu filho, Carlos Bolsonaro, para per\u00edcia. Tamb\u00e9m foram solicitadas per\u00edcias nos celulares de Maur\u00edcio Valeixo, ex-diretor geral da Pol\u00edcia Federal exonerado por Bolsonaro; do ex-ministro da Justi\u00e7a de Seguran\u00e7a P\u00fablica Sergio&hellip;<\/p>\n","protected":false},"author":1,"featured_media":16801,"comment_status":"open","ping_status":"open","sticky":false,"template":"","format":"standard","meta":{"footnotes":""},"categories":[1],"tags":[],"class_list":["post-16800","post","type-post","status-publish","format-standard","has-post-thumbnail","hentry","category-noticias"],"_links":{"self":[{"href":"https:\/\/blogdorogeriogomes.com.br\/noticias\/wp-json\/wp\/v2\/posts\/16800","targetHints":{"allow":["GET"]}}],"collection":[{"href":"https:\/\/blogdorogeriogomes.com.br\/noticias\/wp-json\/wp\/v2\/posts"}],"about":[{"href":"https:\/\/blogdorogeriogomes.com.br\/noticias\/wp-json\/wp\/v2\/types\/post"}],"author":[{"embeddable":true,"href":"https:\/\/blogdorogeriogomes.com.br\/noticias\/wp-json\/wp\/v2\/users\/1"}],"replies":[{"embeddable":true,"href":"https:\/\/blogdorogeriogomes.com.br\/noticias\/wp-json\/wp\/v2\/comments?post=16800"}],"version-history":[{"count":1,"href":"https:\/\/blogdorogeriogomes.com.br\/noticias\/wp-json\/wp\/v2\/posts\/16800\/revisions"}],"predecessor-version":[{"id":16802,"href":"https:\/\/blogdorogeriogomes.com.br\/noticias\/wp-json\/wp\/v2\/posts\/16800\/revisions\/16802"}],"wp:featuredmedia":[{"embeddable":true,"href":"https:\/\/blogdorogeriogomes.com.br\/noticias\/wp-json\/wp\/v2\/media\/16801"}],"wp:attachment":[{"href":"https:\/\/blogdorogeriogomes.com.br\/noticias\/wp-json\/wp\/v2\/media?parent=16800"}],"wp:term":[{"taxonomy":"category","embeddable":true,"href":"https:\/\/blogdorogeriogomes.com.br\/noticias\/wp-json\/wp\/v2\/categories?post=16800"},{"taxonomy":"post_tag","embeddable":true,"href":"https:\/\/blogdorogeriogomes.com.br\/noticias\/wp-json\/wp\/v2\/tags?post=16800"}],"curies":[{"name":"wp","href":"https:\/\/api.w.org\/{rel}","templated":true}]}}