{"id":16806,"date":"2020-05-23T11:28:19","date_gmt":"2020-05-23T11:28:19","guid":{"rendered":"http:\/\/blogdorogeriogomes.com.br\/?p=16806"},"modified":"2020-05-23T12:21:33","modified_gmt":"2020-05-23T12:21:33","slug":"camilo-santana-alinha-com-prefeitos-cearenses-medidas-mais-duras-para-conter-avanco-do-coronavirus-no-interior","status":"publish","type":"post","link":"https:\/\/blogdorogeriogomes.com.br\/noticias\/2020\/05\/camilo-santana-alinha-com-prefeitos-cearenses-medidas-mais-duras-para-conter-avanco-do-coronavirus-no-interior\/","title":{"rendered":"Camilo Santana alinha com prefeitos cearenses medidas mais duras para conter avan\u00e7o do coronav\u00edrus no interior"},"content":{"rendered":"\n<p>Em reuni\u00e3o por videoconfer\u00eancia com 120 prefeitos cearenses, nesta sexta-feira, dia 23 de maio, o governador Camilo Santana alinhou algumas a\u00e7\u00f5es para tentar conter o avan\u00e7o do coronav\u00edrus no interior do Estado. E uma das principais medidas \u00e9 a implanta\u00e7\u00e3o de medidas mais r\u00edgidas de distanciamento social nos munic\u00edpios onde a Covid-19 tem mostrado crescimento no n\u00famero de casos e \u00f3bitos. O decreto governamental tem validade at\u00e9 31 de maio. O Cear\u00e1 conta hoje com 34.573 casos confirmados e 2.251 mortes pela doen\u00e7a.<\/p>\n\n\n\n<figure class=\"wp-block-gallery columns-1 is-cropped wp-block-gallery-1 is-layout-flex wp-block-gallery-is-layout-flex\"><ul class=\"blocks-gallery-grid\"><li class=\"blocks-gallery-item\"><figure><img loading=\"lazy\" decoding=\"async\" width=\"1024\" height=\"683\" src=\"http:\/\/blogdorogeriogomes.com.br\/wp-content\/uploads\/2020\/05\/CC345DE5-2F4E-4D1B-A467-66BD20410846-1200x800-1-1024x683.jpeg\" alt=\"\" data-id=\"16807\" data-full-url=\"http:\/\/blogdorogeriogomes.com.br\/wp-content\/uploads\/2020\/05\/CC345DE5-2F4E-4D1B-A467-66BD20410846-1200x800-1.jpeg\" data-link=\"http:\/\/blogdorogeriogomes.com.br\/?attachment_id=16807\" class=\"wp-image-16807\" srcset=\"https:\/\/blogdorogeriogomes.com.br\/noticias\/wp-content\/uploads\/2020\/05\/CC345DE5-2F4E-4D1B-A467-66BD20410846-1200x800-1-1024x683.jpeg 1024w, https:\/\/blogdorogeriogomes.com.br\/noticias\/wp-content\/uploads\/2020\/05\/CC345DE5-2F4E-4D1B-A467-66BD20410846-1200x800-1-300x200.jpeg 300w, https:\/\/blogdorogeriogomes.com.br\/noticias\/wp-content\/uploads\/2020\/05\/CC345DE5-2F4E-4D1B-A467-66BD20410846-1200x800-1-768x512.jpeg 768w, https:\/\/blogdorogeriogomes.com.br\/noticias\/wp-content\/uploads\/2020\/05\/CC345DE5-2F4E-4D1B-A467-66BD20410846-1200x800-1-800x533.jpeg 800w, https:\/\/blogdorogeriogomes.com.br\/noticias\/wp-content\/uploads\/2020\/05\/CC345DE5-2F4E-4D1B-A467-66BD20410846-1200x800-1.jpeg 1200w\" sizes=\"auto, (max-width: 1024px) 100vw, 1024px\" \/><\/figure><\/li><\/ul><\/figure>\n\n\n\n<p>Camilo refor\u00e7ou a necessidade de se abrir mais leitos de retaguarda no interior. \u201cJ\u00e1 foram 2.139 leitos criados exclusivos para a Covid-19 e, mesmo assim, h\u00e1 um percentual de ocupa\u00e7\u00e3o chegando ao limite do sistema de sa\u00fade. Abrimos leitos de UTI em Itapipoca, Crate\u00fas, Canind\u00e9, amplia\u00e7\u00e3o dos hospitais regionais do Sert\u00e3o Central, Regi\u00e3o Norte, Cariri, entre outros. Esses 200 respiradores que chegaram recentemente v\u00e3o nos permitir ampliar ainda mais os leitos de UTI\u201d, disse o governador.<\/p>\n\n\n\n<p>O presidente da Associa\u00e7\u00e3o dos Prefeitos do Cear\u00e1 (Aprece), Nilson Diniz, relatou a preocupa\u00e7\u00e3o com o aumento de casos confirmados no interior. \u201cN\u00f3s temos 16 munic\u00edpios que j\u00e1 t\u00eam uma taxa de incid\u00eancia maior que a do estado. Essa preocupa\u00e7\u00e3o \u00e9 pertinente porque no interior n\u00f3s sabemos a dificuldade que cada um tem. Existem dois caminhos para tratar esse assunto: aumentando o isolamento social e fortalecendo essa parte da aten\u00e7\u00e3o b\u00e1sica&#8221;.<\/p>\n\n\n\n<p><\/p>\n","protected":false},"excerpt":{"rendered":"<p>Em reuni\u00e3o por videoconfer\u00eancia com 120 prefeitos cearenses, nesta sexta-feira, dia 23 de maio, o governador Camilo Santana alinhou algumas a\u00e7\u00f5es para tentar conter o avan\u00e7o do coronav\u00edrus no interior do Estado. E uma das principais medidas \u00e9 a implanta\u00e7\u00e3o de medidas mais r\u00edgidas de distanciamento social nos munic\u00edpios onde a Covid-19 tem mostrado crescimento no n\u00famero de casos e \u00f3bitos. O decreto governamental tem validade at\u00e9 31 de maio. O Cear\u00e1 conta hoje com 34.573 casos confirmados e&hellip;<\/p>\n","protected":false},"author":1,"featured_media":16807,"comment_status":"open","ping_status":"open","sticky":false,"template":"","format":"standard","meta":{"footnotes":""},"categories":[1],"tags":[],"class_list":["post-16806","post","type-post","status-publish","format-standard","has-post-thumbnail","hentry","category-noticias"],"_links":{"self":[{"href":"https:\/\/blogdorogeriogomes.com.br\/noticias\/wp-json\/wp\/v2\/posts\/16806","targetHints":{"allow":["GET"]}}],"collection":[{"href":"https:\/\/blogdorogeriogomes.com.br\/noticias\/wp-json\/wp\/v2\/posts"}],"about":[{"href":"https:\/\/blogdorogeriogomes.com.br\/noticias\/wp-json\/wp\/v2\/types\/post"}],"author":[{"embeddable":true,"href":"https:\/\/blogdorogeriogomes.com.br\/noticias\/wp-json\/wp\/v2\/users\/1"}],"replies":[{"embeddable":true,"href":"https:\/\/blogdorogeriogomes.com.br\/noticias\/wp-json\/wp\/v2\/comments?post=16806"}],"version-history":[{"count":1,"href":"https:\/\/blogdorogeriogomes.com.br\/noticias\/wp-json\/wp\/v2\/posts\/16806\/revisions"}],"predecessor-version":[{"id":16808,"href":"https:\/\/blogdorogeriogomes.com.br\/noticias\/wp-json\/wp\/v2\/posts\/16806\/revisions\/16808"}],"wp:featuredmedia":[{"embeddable":true,"href":"https:\/\/blogdorogeriogomes.com.br\/noticias\/wp-json\/wp\/v2\/media\/16807"}],"wp:attachment":[{"href":"https:\/\/blogdorogeriogomes.com.br\/noticias\/wp-json\/wp\/v2\/media?parent=16806"}],"wp:term":[{"taxonomy":"category","embeddable":true,"href":"https:\/\/blogdorogeriogomes.com.br\/noticias\/wp-json\/wp\/v2\/categories?post=16806"},{"taxonomy":"post_tag","embeddable":true,"href":"https:\/\/blogdorogeriogomes.com.br\/noticias\/wp-json\/wp\/v2\/tags?post=16806"}],"curies":[{"name":"wp","href":"https:\/\/api.w.org\/{rel}","templated":true}]}}