{"id":16809,"date":"2020-05-23T12:14:00","date_gmt":"2020-05-23T12:14:00","guid":{"rendered":"http:\/\/blogdorogeriogomes.com.br\/?p=16809"},"modified":"2020-05-23T12:21:41","modified_gmt":"2020-05-23T12:21:41","slug":"inscricoes-para-o-enem-2020-sao-adiadas-ate-a-proxima-quarta-feira-dia-27-de-maio","status":"publish","type":"post","link":"https:\/\/blogdorogeriogomes.com.br\/noticias\/2020\/05\/inscricoes-para-o-enem-2020-sao-adiadas-ate-a-proxima-quarta-feira-dia-27-de-maio\/","title":{"rendered":"Inscri\u00e7\u00f5es para o Enem 2020 s\u00e3o adiadas at\u00e9 a pr\u00f3xima quarta-feira, dia 27 de maio"},"content":{"rendered":"\n<p>O Minist\u00e9rio da Educa\u00e7\u00e3o resolveu estender o prazo da inscri\u00e7\u00e3o do Exame Nacional do Ensino M\u00e9dio (Enem) 2020 at\u00e9 as 23h59min de quarta-feira, 27 de maio. O prazo inicial acabaria&nbsp;nesta sexta-feira, dia 22. A mudan\u00e7a ocorreu ap\u00f3s estudantes relatarem problemas para realizar a inscri\u00e7\u00e3o.<\/p>\n\n\n\n<p>Segundo o Inep, \u00f3rg\u00e3o respons\u00e1vel pela prova, at\u00e9 ao meio-dia da sexta-feira, 5.151.868 pessoas j\u00e1 estavam inscritas, sendo 5.050.768 na vers\u00e3o impressa e 101.100 na digital. <\/p>\n\n\n\n<p>As datas de realiza\u00e7\u00e3o do Enem 2020 tamb\u00e9m foram adiadas por causa da pandemia do novo coronav\u00edrus. O Minist\u00e9rio da Educa\u00e7\u00e3o ainda vai divulgar novas datas para a aplica\u00e7\u00e3o das provas.<\/p>\n\n\n\n<figure class=\"wp-block-gallery columns-1 is-cropped wp-block-gallery-1 is-layout-flex wp-block-gallery-is-layout-flex\"><ul class=\"blocks-gallery-grid\"><li class=\"blocks-gallery-item\"><figure><img loading=\"lazy\" decoding=\"async\" width=\"700\" height=\"438\" src=\"http:\/\/blogdorogeriogomes.com.br\/wp-content\/uploads\/2020\/05\/images-16-1.jpeg\" alt=\"\" data-id=\"16810\" data-full-url=\"http:\/\/blogdorogeriogomes.com.br\/wp-content\/uploads\/2020\/05\/images-16-1.jpeg\" data-link=\"http:\/\/blogdorogeriogomes.com.br\/?attachment_id=16810\" class=\"wp-image-16810\" srcset=\"https:\/\/blogdorogeriogomes.com.br\/noticias\/wp-content\/uploads\/2020\/05\/images-16-1.jpeg 700w, https:\/\/blogdorogeriogomes.com.br\/noticias\/wp-content\/uploads\/2020\/05\/images-16-1-300x188.jpeg 300w\" sizes=\"auto, (max-width: 700px) 100vw, 700px\" \/><\/figure><\/li><\/ul><\/figure>\n","protected":false},"excerpt":{"rendered":"<p>O Minist\u00e9rio da Educa\u00e7\u00e3o resolveu estender o prazo da inscri\u00e7\u00e3o do Exame Nacional do Ensino M\u00e9dio (Enem) 2020 at\u00e9 as 23h59min de quarta-feira, 27 de maio. O prazo inicial acabaria&nbsp;nesta sexta-feira, dia 22. A mudan\u00e7a ocorreu ap\u00f3s estudantes relatarem problemas para realizar a inscri\u00e7\u00e3o. Segundo o Inep, \u00f3rg\u00e3o respons\u00e1vel pela prova, at\u00e9 ao meio-dia da sexta-feira, 5.151.868 pessoas j\u00e1 estavam inscritas, sendo 5.050.768 na vers\u00e3o impressa e 101.100 na digital. As datas de realiza\u00e7\u00e3o do Enem 2020 tamb\u00e9m foram&hellip;<\/p>\n","protected":false},"author":1,"featured_media":16810,"comment_status":"open","ping_status":"open","sticky":false,"template":"","format":"standard","meta":{"footnotes":""},"categories":[1],"tags":[],"class_list":["post-16809","post","type-post","status-publish","format-standard","has-post-thumbnail","hentry","category-noticias"],"_links":{"self":[{"href":"https:\/\/blogdorogeriogomes.com.br\/noticias\/wp-json\/wp\/v2\/posts\/16809","targetHints":{"allow":["GET"]}}],"collection":[{"href":"https:\/\/blogdorogeriogomes.com.br\/noticias\/wp-json\/wp\/v2\/posts"}],"about":[{"href":"https:\/\/blogdorogeriogomes.com.br\/noticias\/wp-json\/wp\/v2\/types\/post"}],"author":[{"embeddable":true,"href":"https:\/\/blogdorogeriogomes.com.br\/noticias\/wp-json\/wp\/v2\/users\/1"}],"replies":[{"embeddable":true,"href":"https:\/\/blogdorogeriogomes.com.br\/noticias\/wp-json\/wp\/v2\/comments?post=16809"}],"version-history":[{"count":2,"href":"https:\/\/blogdorogeriogomes.com.br\/noticias\/wp-json\/wp\/v2\/posts\/16809\/revisions"}],"predecessor-version":[{"id":16812,"href":"https:\/\/blogdorogeriogomes.com.br\/noticias\/wp-json\/wp\/v2\/posts\/16809\/revisions\/16812"}],"wp:featuredmedia":[{"embeddable":true,"href":"https:\/\/blogdorogeriogomes.com.br\/noticias\/wp-json\/wp\/v2\/media\/16810"}],"wp:attachment":[{"href":"https:\/\/blogdorogeriogomes.com.br\/noticias\/wp-json\/wp\/v2\/media?parent=16809"}],"wp:term":[{"taxonomy":"category","embeddable":true,"href":"https:\/\/blogdorogeriogomes.com.br\/noticias\/wp-json\/wp\/v2\/categories?post=16809"},{"taxonomy":"post_tag","embeddable":true,"href":"https:\/\/blogdorogeriogomes.com.br\/noticias\/wp-json\/wp\/v2\/tags?post=16809"}],"curies":[{"name":"wp","href":"https:\/\/api.w.org\/{rel}","templated":true}]}}