{"id":16816,"date":"2020-05-25T10:43:11","date_gmt":"2020-05-25T10:43:11","guid":{"rendered":"http:\/\/blogdorogeriogomes.com.br\/?p=16816"},"modified":"2020-05-25T15:29:12","modified_gmt":"2020-05-25T15:29:12","slug":"governo-do-ceara-consegue-derrubar-no-stf-liminar-que-autorizava-funcionamento-de-saloes-de-beleza","status":"publish","type":"post","link":"https:\/\/blogdorogeriogomes.com.br\/noticias\/2020\/05\/governo-do-ceara-consegue-derrubar-no-stf-liminar-que-autorizava-funcionamento-de-saloes-de-beleza\/","title":{"rendered":"Governo do Cear\u00e1 consegue derrubar no STF liminar que autorizava funcionamento de sal\u00f5es de beleza"},"content":{"rendered":"\n<p>Em menos de 24 horas, o Governo do Cear\u00e1 conseguiu derrubar no Supremo Tribunal Federal (STF) a liminar que autorizava o retorno das atividades dos sal\u00f5es de beleza no Estado. Assim, o setor que tamb\u00e9m inclui as barbearias vai continuar fechado no Cear\u00e1. A decis\u00e3o foi do ministro do STF, Luiz Fux. <\/p>\n\n\n\n<p>A reabertura tinha sido pedida pelo sindicato da categoria ao Tribunal de Justi\u00e7a do Cear\u00e1, tendo como base um decreto do presidente Jair Bolsonaro que incluiu sal\u00f5es, barbearias e academias como servi\u00e7os autorizados a funcionar durante a pandemia da Covid-19. S\u00f3 que o ministro do STF reconheceu a compet\u00eancia estadual de manter esses estabelecimentos fechados por precau\u00e7\u00e3o, al\u00e9m de considerar um risco \u00e0 sa\u00fade p\u00fablica autorizar o funcionamento dos sal\u00f5es de beleza com a real possibilidade de aumentar a contamina\u00e7\u00e3o pelo novo coronav\u00edrus.<\/p>\n\n\n\n<p>O decreto governamental da quarentena tem validade at\u00e9 31 de maio. At\u00e9 o in\u00edcio da noite deste domingo, dia 24 de maio, o Cear\u00e1 tinha 35.595 casos confirmados e 2.324 mortes por Covid-19.<\/p>\n\n\n\n<figure class=\"wp-block-gallery columns-1 is-cropped wp-block-gallery-1 is-layout-flex wp-block-gallery-is-layout-flex\"><ul class=\"blocks-gallery-grid\"><li class=\"blocks-gallery-item\"><figure><img loading=\"lazy\" decoding=\"async\" width=\"684\" height=\"449\" src=\"http:\/\/blogdorogeriogomes.com.br\/wp-content\/uploads\/2020\/05\/images-1-4.jpeg\" alt=\"\" data-id=\"16817\" data-full-url=\"http:\/\/blogdorogeriogomes.com.br\/wp-content\/uploads\/2020\/05\/images-1-4.jpeg\" data-link=\"http:\/\/blogdorogeriogomes.com.br\/?attachment_id=16817\" class=\"wp-image-16817\" srcset=\"https:\/\/blogdorogeriogomes.com.br\/noticias\/wp-content\/uploads\/2020\/05\/images-1-4.jpeg 684w, https:\/\/blogdorogeriogomes.com.br\/noticias\/wp-content\/uploads\/2020\/05\/images-1-4-300x197.jpeg 300w\" sizes=\"auto, (max-width: 684px) 100vw, 684px\" \/><\/figure><\/li><\/ul><\/figure>\n","protected":false},"excerpt":{"rendered":"<p>Em menos de 24 horas, o Governo do Cear\u00e1 conseguiu derrubar no Supremo Tribunal Federal (STF) a liminar que autorizava o retorno das atividades dos sal\u00f5es de beleza no Estado. Assim, o setor que tamb\u00e9m inclui as barbearias vai continuar fechado no Cear\u00e1. A decis\u00e3o foi do ministro do STF, Luiz Fux. A reabertura tinha sido pedida pelo sindicato da categoria ao Tribunal de Justi\u00e7a do Cear\u00e1, tendo como base um decreto do presidente Jair Bolsonaro que incluiu sal\u00f5es,&hellip;<\/p>\n","protected":false},"author":1,"featured_media":16817,"comment_status":"open","ping_status":"open","sticky":false,"template":"","format":"standard","meta":{"footnotes":""},"categories":[1],"tags":[],"class_list":["post-16816","post","type-post","status-publish","format-standard","has-post-thumbnail","hentry","category-noticias"],"_links":{"self":[{"href":"https:\/\/blogdorogeriogomes.com.br\/noticias\/wp-json\/wp\/v2\/posts\/16816","targetHints":{"allow":["GET"]}}],"collection":[{"href":"https:\/\/blogdorogeriogomes.com.br\/noticias\/wp-json\/wp\/v2\/posts"}],"about":[{"href":"https:\/\/blogdorogeriogomes.com.br\/noticias\/wp-json\/wp\/v2\/types\/post"}],"author":[{"embeddable":true,"href":"https:\/\/blogdorogeriogomes.com.br\/noticias\/wp-json\/wp\/v2\/users\/1"}],"replies":[{"embeddable":true,"href":"https:\/\/blogdorogeriogomes.com.br\/noticias\/wp-json\/wp\/v2\/comments?post=16816"}],"version-history":[{"count":1,"href":"https:\/\/blogdorogeriogomes.com.br\/noticias\/wp-json\/wp\/v2\/posts\/16816\/revisions"}],"predecessor-version":[{"id":16818,"href":"https:\/\/blogdorogeriogomes.com.br\/noticias\/wp-json\/wp\/v2\/posts\/16816\/revisions\/16818"}],"wp:featuredmedia":[{"embeddable":true,"href":"https:\/\/blogdorogeriogomes.com.br\/noticias\/wp-json\/wp\/v2\/media\/16817"}],"wp:attachment":[{"href":"https:\/\/blogdorogeriogomes.com.br\/noticias\/wp-json\/wp\/v2\/media?parent=16816"}],"wp:term":[{"taxonomy":"category","embeddable":true,"href":"https:\/\/blogdorogeriogomes.com.br\/noticias\/wp-json\/wp\/v2\/categories?post=16816"},{"taxonomy":"post_tag","embeddable":true,"href":"https:\/\/blogdorogeriogomes.com.br\/noticias\/wp-json\/wp\/v2\/tags?post=16816"}],"curies":[{"name":"wp","href":"https:\/\/api.w.org\/{rel}","templated":true}]}}