{"id":16819,"date":"2020-05-25T11:09:17","date_gmt":"2020-05-25T11:09:17","guid":{"rendered":"http:\/\/blogdorogeriogomes.com.br\/?p=16819"},"modified":"2020-05-25T15:28:55","modified_gmt":"2020-05-25T15:28:55","slug":"bolsonaro-aposta-agora-em-buscar-a-suspeicao-do-ministro-celso-de-mello-apos-a-divulgacao-do-video-da-reuniao-ministerial","status":"publish","type":"post","link":"https:\/\/blogdorogeriogomes.com.br\/noticias\/2020\/05\/bolsonaro-aposta-agora-em-buscar-a-suspeicao-do-ministro-celso-de-mello-apos-a-divulgacao-do-video-da-reuniao-ministerial\/","title":{"rendered":"Bolsonaro aposta agora em buscar a suspei\u00e7\u00e3o do ministro Celso de Mello ap\u00f3s a divulga\u00e7\u00e3o do v\u00eddeo da reuni\u00e3o ministerial"},"content":{"rendered":"\n<p>Ap\u00f3s o ministro do STF, Celso de Mello, ter divulgado o v\u00eddeo da reuni\u00e3o ministerial com Bolsonaro, que teve grande repercuss\u00e3o nos meios pol\u00edticos e econ\u00f4micos, o Presidente da Rep\u00fablica e assessores apostam agora em buscar a suspei\u00e7\u00e3o de Celso de Melo na investiga\u00e7\u00e3o da interfer\u00eancia de Bolsonaro na Pol\u00edcia Federal. O argumento \u00e9 que o decano do STF teria tomado decis\u00f5es exageradas e que t\u00eam motiva\u00e7\u00f5es pol\u00edticas para prejudicar o presidente. <\/p>\n\n\n\n<p>Bolsonaro tamb\u00e9m voltou \u00e0s ruas neste domingo, dia 24 de maio. Pela manh\u00e3, participou, sem m\u00e1scara, de um ato com apoiadores na frente do Pal\u00e1cio do Planalto, em Bras\u00edlia. Nas redes sociais, os ataques ao ministro Celso de Mello j\u00e1 come\u00e7aram nas redes bolsonaristas.<\/p>\n\n\n\n<p>A estrat\u00e9gia de Bolsonaro n\u00e3o \u00e9 consensual no Pal\u00e1cio do Planalto, onde h\u00e1 tamb\u00e9m o temor de que ataques duros despertem sentimento de uni\u00e3o da corte, estimulando uma resposta conjunta, o que prejudicaria o Governo Federal.<\/p>\n\n\n\n<figure class=\"wp-block-gallery columns-1 is-cropped wp-block-gallery-1 is-layout-flex wp-block-gallery-is-layout-flex\"><ul class=\"blocks-gallery-grid\"><li class=\"blocks-gallery-item\"><figure><img loading=\"lazy\" decoding=\"async\" width=\"800\" height=\"384\" src=\"http:\/\/blogdorogeriogomes.com.br\/wp-content\/uploads\/2020\/05\/images-2-3.jpeg\" alt=\"\" data-id=\"16820\" data-full-url=\"http:\/\/blogdorogeriogomes.com.br\/wp-content\/uploads\/2020\/05\/images-2-3.jpeg\" data-link=\"http:\/\/blogdorogeriogomes.com.br\/?attachment_id=16820\" class=\"wp-image-16820\" srcset=\"https:\/\/blogdorogeriogomes.com.br\/noticias\/wp-content\/uploads\/2020\/05\/images-2-3.jpeg 800w, https:\/\/blogdorogeriogomes.com.br\/noticias\/wp-content\/uploads\/2020\/05\/images-2-3-300x144.jpeg 300w, https:\/\/blogdorogeriogomes.com.br\/noticias\/wp-content\/uploads\/2020\/05\/images-2-3-768x369.jpeg 768w\" sizes=\"auto, (max-width: 800px) 100vw, 800px\" \/><\/figure><\/li><\/ul><\/figure>\n","protected":false},"excerpt":{"rendered":"<p>Ap\u00f3s o ministro do STF, Celso de Mello, ter divulgado o v\u00eddeo da reuni\u00e3o ministerial com Bolsonaro, que teve grande repercuss\u00e3o nos meios pol\u00edticos e econ\u00f4micos, o Presidente da Rep\u00fablica e assessores apostam agora em buscar a suspei\u00e7\u00e3o de Celso de Melo na investiga\u00e7\u00e3o da interfer\u00eancia de Bolsonaro na Pol\u00edcia Federal. O argumento \u00e9 que o decano do STF teria tomado decis\u00f5es exageradas e que t\u00eam motiva\u00e7\u00f5es pol\u00edticas para prejudicar o presidente. Bolsonaro tamb\u00e9m voltou \u00e0s ruas neste domingo,&hellip;<\/p>\n","protected":false},"author":1,"featured_media":16820,"comment_status":"open","ping_status":"open","sticky":false,"template":"","format":"standard","meta":{"footnotes":""},"categories":[1],"tags":[],"class_list":["post-16819","post","type-post","status-publish","format-standard","has-post-thumbnail","hentry","category-noticias"],"_links":{"self":[{"href":"https:\/\/blogdorogeriogomes.com.br\/noticias\/wp-json\/wp\/v2\/posts\/16819","targetHints":{"allow":["GET"]}}],"collection":[{"href":"https:\/\/blogdorogeriogomes.com.br\/noticias\/wp-json\/wp\/v2\/posts"}],"about":[{"href":"https:\/\/blogdorogeriogomes.com.br\/noticias\/wp-json\/wp\/v2\/types\/post"}],"author":[{"embeddable":true,"href":"https:\/\/blogdorogeriogomes.com.br\/noticias\/wp-json\/wp\/v2\/users\/1"}],"replies":[{"embeddable":true,"href":"https:\/\/blogdorogeriogomes.com.br\/noticias\/wp-json\/wp\/v2\/comments?post=16819"}],"version-history":[{"count":1,"href":"https:\/\/blogdorogeriogomes.com.br\/noticias\/wp-json\/wp\/v2\/posts\/16819\/revisions"}],"predecessor-version":[{"id":16821,"href":"https:\/\/blogdorogeriogomes.com.br\/noticias\/wp-json\/wp\/v2\/posts\/16819\/revisions\/16821"}],"wp:featuredmedia":[{"embeddable":true,"href":"https:\/\/blogdorogeriogomes.com.br\/noticias\/wp-json\/wp\/v2\/media\/16820"}],"wp:attachment":[{"href":"https:\/\/blogdorogeriogomes.com.br\/noticias\/wp-json\/wp\/v2\/media?parent=16819"}],"wp:term":[{"taxonomy":"category","embeddable":true,"href":"https:\/\/blogdorogeriogomes.com.br\/noticias\/wp-json\/wp\/v2\/categories?post=16819"},{"taxonomy":"post_tag","embeddable":true,"href":"https:\/\/blogdorogeriogomes.com.br\/noticias\/wp-json\/wp\/v2\/tags?post=16819"}],"curies":[{"name":"wp","href":"https:\/\/api.w.org\/{rel}","templated":true}]}}