{"id":16828,"date":"2020-05-25T23:41:27","date_gmt":"2020-05-25T23:41:27","guid":{"rendered":"http:\/\/blogdorogeriogomes.com.br\/?p=16828"},"modified":"2020-05-26T01:51:15","modified_gmt":"2020-05-26T01:51:15","slug":"prefeitura-de-fortaleza-alega-que-dinheiro-pago-por-respiradores-sob-investigacao-esta-sendo-devolvido-pela-empresa-que-nao-cumpriu-contrato-de-entrega","status":"publish","type":"post","link":"https:\/\/blogdorogeriogomes.com.br\/noticias\/2020\/05\/prefeitura-de-fortaleza-alega-que-dinheiro-pago-por-respiradores-sob-investigacao-esta-sendo-devolvido-pela-empresa-que-nao-cumpriu-contrato-de-entrega\/","title":{"rendered":"Prefeitura de Fortaleza alega que dinheiro pago por respiradores sob investiga\u00e7\u00e3o est\u00e1 sendo devolvido pela empresa que n\u00e3o cumpriu contrato de entrega"},"content":{"rendered":"\n<p>Em nota emitida no fim da tarde desta segunda-feira, dia 25 de maio, a Prefeitura de Fortaleza garante que os respiradores, alvo de investiga\u00e7\u00e3o da Pol\u00edcia Federal, Minist\u00e9rio P\u00fablico do Estado e Controladoria Geral da Uni\u00e3o (CGU) na Opera\u00e7\u00e3o Dispneia, n\u00e3o foram entregues dentro do prazo pela empresa contratada e, por isso, os contratos foram rescindidos unilateralmente desde a semana passada. Em um dos contratos, firmado pela Secretaria Municipal da Sa\u00fade, o dinheiro est\u00e1 sendo ressarcido em duas parcelas. A primeira, de&nbsp;R$ 5.191.571, j\u00e1 foi devolvida na semana passada. A segunda parcela do ressarcimento \u00e9 aguardada para ocorrer nesta ter\u00e7a-feira. O outro contrato, de equipamentos para o Instituto Jos\u00e9 Frota (IJF), tamb\u00e9m estava rescindido desde o \u00faltimo dia 20 de maio. A Prefeitura da Capital ressalta que 100% dos recursos utilizados na compra dos equipamentos s\u00e3o do Tesouro Municipal, sem haver uso de dinheiro federal.<\/p>\n\n\n\n<p>Nesta segunda-feira, dia 25 de maio, o boletim da Secretaria de Sa\u00fade do Cear\u00e1 revelou que subiu para 2.493 o n\u00famero de \u00f3bitos por&nbsp;Covid-19 no Estado. Um aumento de 169 confirma\u00e7\u00f5es nas \u00faltimas 24 horas. Os casos confirmados alcan\u00e7aram 36.185. No Brasil, s\u00e3o 807 novas mortes causadas pela Covid-19 nas \u00faltimas 24 horas, o que aumentou o total de \u00f3bitos pela doen\u00e7a para 23.473 no Pa\u00eds. Agora j\u00e1 s\u00e3o 374.898 pessoas contaminadas em todo o territ\u00f3rio nacional.<\/p>\n\n\n\n<figure class=\"wp-block-gallery columns-1 is-cropped wp-block-gallery-1 is-layout-flex wp-block-gallery-is-layout-flex\"><ul class=\"blocks-gallery-grid\"><li class=\"blocks-gallery-item\"><figure><img loading=\"lazy\" decoding=\"async\" width=\"1024\" height=\"576\" src=\"http:\/\/blogdorogeriogomes.com.br\/wp-content\/uploads\/2020\/05\/respiradores-IJF2-2205-1024x576.jpeg\" alt=\"\" data-id=\"16829\" data-full-url=\"http:\/\/blogdorogeriogomes.com.br\/wp-content\/uploads\/2020\/05\/respiradores-IJF2-2205.jpeg\" data-link=\"http:\/\/blogdorogeriogomes.com.br\/?attachment_id=16829\" class=\"wp-image-16829\" srcset=\"https:\/\/blogdorogeriogomes.com.br\/noticias\/wp-content\/uploads\/2020\/05\/respiradores-IJF2-2205-1024x576.jpeg 1024w, https:\/\/blogdorogeriogomes.com.br\/noticias\/wp-content\/uploads\/2020\/05\/respiradores-IJF2-2205-300x169.jpeg 300w, https:\/\/blogdorogeriogomes.com.br\/noticias\/wp-content\/uploads\/2020\/05\/respiradores-IJF2-2205-768x432.jpeg 768w, https:\/\/blogdorogeriogomes.com.br\/noticias\/wp-content\/uploads\/2020\/05\/respiradores-IJF2-2205-800x450.jpeg 800w, https:\/\/blogdorogeriogomes.com.br\/noticias\/wp-content\/uploads\/2020\/05\/respiradores-IJF2-2205.jpeg 1280w\" sizes=\"auto, (max-width: 1024px) 100vw, 1024px\" \/><\/figure><\/li><\/ul><\/figure>\n\n\n\n<p><\/p>\n\n\n\n<p><\/p>\n\n\n\n<p><\/p>\n","protected":false},"excerpt":{"rendered":"<p>Em nota emitida no fim da tarde desta segunda-feira, dia 25 de maio, a Prefeitura de Fortaleza garante que os respiradores, alvo de investiga\u00e7\u00e3o da Pol\u00edcia Federal, Minist\u00e9rio P\u00fablico do Estado e Controladoria Geral da Uni\u00e3o (CGU) na Opera\u00e7\u00e3o Dispneia, n\u00e3o foram entregues dentro do prazo pela empresa contratada e, por isso, os contratos foram rescindidos unilateralmente desde a semana passada. Em um dos contratos, firmado pela Secretaria Municipal da Sa\u00fade, o dinheiro est\u00e1 sendo ressarcido em duas parcelas.&hellip;<\/p>\n","protected":false},"author":1,"featured_media":16829,"comment_status":"open","ping_status":"open","sticky":false,"template":"","format":"standard","meta":{"footnotes":""},"categories":[1],"tags":[],"class_list":["post-16828","post","type-post","status-publish","format-standard","has-post-thumbnail","hentry","category-noticias"],"_links":{"self":[{"href":"https:\/\/blogdorogeriogomes.com.br\/noticias\/wp-json\/wp\/v2\/posts\/16828","targetHints":{"allow":["GET"]}}],"collection":[{"href":"https:\/\/blogdorogeriogomes.com.br\/noticias\/wp-json\/wp\/v2\/posts"}],"about":[{"href":"https:\/\/blogdorogeriogomes.com.br\/noticias\/wp-json\/wp\/v2\/types\/post"}],"author":[{"embeddable":true,"href":"https:\/\/blogdorogeriogomes.com.br\/noticias\/wp-json\/wp\/v2\/users\/1"}],"replies":[{"embeddable":true,"href":"https:\/\/blogdorogeriogomes.com.br\/noticias\/wp-json\/wp\/v2\/comments?post=16828"}],"version-history":[{"count":2,"href":"https:\/\/blogdorogeriogomes.com.br\/noticias\/wp-json\/wp\/v2\/posts\/16828\/revisions"}],"predecessor-version":[{"id":16832,"href":"https:\/\/blogdorogeriogomes.com.br\/noticias\/wp-json\/wp\/v2\/posts\/16828\/revisions\/16832"}],"wp:featuredmedia":[{"embeddable":true,"href":"https:\/\/blogdorogeriogomes.com.br\/noticias\/wp-json\/wp\/v2\/media\/16829"}],"wp:attachment":[{"href":"https:\/\/blogdorogeriogomes.com.br\/noticias\/wp-json\/wp\/v2\/media?parent=16828"}],"wp:term":[{"taxonomy":"category","embeddable":true,"href":"https:\/\/blogdorogeriogomes.com.br\/noticias\/wp-json\/wp\/v2\/categories?post=16828"},{"taxonomy":"post_tag","embeddable":true,"href":"https:\/\/blogdorogeriogomes.com.br\/noticias\/wp-json\/wp\/v2\/tags?post=16828"}],"curies":[{"name":"wp","href":"https:\/\/api.w.org\/{rel}","templated":true}]}}