{"id":16840,"date":"2020-05-26T11:31:19","date_gmt":"2020-05-26T11:31:19","guid":{"rendered":"http:\/\/blogdorogeriogomes.com.br\/?p=16840"},"modified":"2020-05-26T12:22:14","modified_gmt":"2020-05-26T12:22:14","slug":"camara-municipal-de-fortaleza-vota-antecipacao-de-dois-feriados-para-esta-semana","status":"publish","type":"post","link":"https:\/\/blogdorogeriogomes.com.br\/noticias\/2020\/05\/camara-municipal-de-fortaleza-vota-antecipacao-de-dois-feriados-para-esta-semana\/","title":{"rendered":"C\u00e2mara Municipal de Fortaleza vota antecipa\u00e7\u00e3o de dois feriados para esta semana"},"content":{"rendered":"\n<p>Sess\u00e3o virtual da C\u00e2mara Municipal de Fortaleza vota, nesta ter\u00e7a-feira, dia 26 de maio, um projeto de lei enviado pelo Poder Executivo, que antecipa os feriados religiosos de Corpus Christi (11 de junho) e de Nossa Senhora da Assun\u00e7\u00e3o (15 de agosto), padroeira da Capital, para os dias 27 e 28 deste m\u00eas.&nbsp;Ou seja, quarta e quinta-feira. O objetivo da medida faz parte da estrat\u00e9gia de diminuir a circula\u00e7\u00e3o de pessoas em Fortaleza por causa do combate \u00e0 pandemia do novo coronav\u00edrus.<\/p>\n\n\n\n<p>Fortaleza \u00e9 a cidade cearense mais atingida pela Covid-19. A capital \u00e9 o epicentro da doen\u00e7a no Estado com 20.146&nbsp;infectados, concentrando 55,6% do total dos casos.<\/p>\n\n\n\n<figure class=\"wp-block-gallery columns-1 is-cropped wp-block-gallery-1 is-layout-flex wp-block-gallery-is-layout-flex\"><ul class=\"blocks-gallery-grid\"><li class=\"blocks-gallery-item\"><figure><img loading=\"lazy\" decoding=\"async\" width=\"640\" height=\"480\" src=\"http:\/\/blogdorogeriogomes.com.br\/wp-content\/uploads\/2020\/05\/images-1-5.jpeg\" alt=\"\" data-id=\"16841\" data-full-url=\"http:\/\/blogdorogeriogomes.com.br\/wp-content\/uploads\/2020\/05\/images-1-5.jpeg\" data-link=\"http:\/\/blogdorogeriogomes.com.br\/?attachment_id=16841\" class=\"wp-image-16841\" srcset=\"https:\/\/blogdorogeriogomes.com.br\/noticias\/wp-content\/uploads\/2020\/05\/images-1-5.jpeg 640w, https:\/\/blogdorogeriogomes.com.br\/noticias\/wp-content\/uploads\/2020\/05\/images-1-5-300x225.jpeg 300w, https:\/\/blogdorogeriogomes.com.br\/noticias\/wp-content\/uploads\/2020\/05\/images-1-5-400x300.jpeg 400w\" sizes=\"auto, (max-width: 640px) 100vw, 640px\" \/><\/figure><\/li><\/ul><\/figure>\n\n\n\n<p>Como Corpus Christi \u00e9 um feriado nacional, os outros munic\u00edpios cearenses n\u00e3o ser\u00e3o afetados com a antecipa\u00e7\u00e3o dos feriados.<\/p>\n\n\n\n<p><\/p>\n\n\n\n<p><\/p>\n","protected":false},"excerpt":{"rendered":"<p>Sess\u00e3o virtual da C\u00e2mara Municipal de Fortaleza vota, nesta ter\u00e7a-feira, dia 26 de maio, um projeto de lei enviado pelo Poder Executivo, que antecipa os feriados religiosos de Corpus Christi (11 de junho) e de Nossa Senhora da Assun\u00e7\u00e3o (15 de agosto), padroeira da Capital, para os dias 27 e 28 deste m\u00eas.&nbsp;Ou seja, quarta e quinta-feira. O objetivo da medida faz parte da estrat\u00e9gia de diminuir a circula\u00e7\u00e3o de pessoas em Fortaleza por causa do combate \u00e0 pandemia&hellip;<\/p>\n","protected":false},"author":1,"featured_media":16841,"comment_status":"open","ping_status":"open","sticky":false,"template":"","format":"standard","meta":{"footnotes":""},"categories":[1],"tags":[],"class_list":["post-16840","post","type-post","status-publish","format-standard","has-post-thumbnail","hentry","category-noticias"],"_links":{"self":[{"href":"https:\/\/blogdorogeriogomes.com.br\/noticias\/wp-json\/wp\/v2\/posts\/16840","targetHints":{"allow":["GET"]}}],"collection":[{"href":"https:\/\/blogdorogeriogomes.com.br\/noticias\/wp-json\/wp\/v2\/posts"}],"about":[{"href":"https:\/\/blogdorogeriogomes.com.br\/noticias\/wp-json\/wp\/v2\/types\/post"}],"author":[{"embeddable":true,"href":"https:\/\/blogdorogeriogomes.com.br\/noticias\/wp-json\/wp\/v2\/users\/1"}],"replies":[{"embeddable":true,"href":"https:\/\/blogdorogeriogomes.com.br\/noticias\/wp-json\/wp\/v2\/comments?post=16840"}],"version-history":[{"count":2,"href":"https:\/\/blogdorogeriogomes.com.br\/noticias\/wp-json\/wp\/v2\/posts\/16840\/revisions"}],"predecessor-version":[{"id":16843,"href":"https:\/\/blogdorogeriogomes.com.br\/noticias\/wp-json\/wp\/v2\/posts\/16840\/revisions\/16843"}],"wp:featuredmedia":[{"embeddable":true,"href":"https:\/\/blogdorogeriogomes.com.br\/noticias\/wp-json\/wp\/v2\/media\/16841"}],"wp:attachment":[{"href":"https:\/\/blogdorogeriogomes.com.br\/noticias\/wp-json\/wp\/v2\/media?parent=16840"}],"wp:term":[{"taxonomy":"category","embeddable":true,"href":"https:\/\/blogdorogeriogomes.com.br\/noticias\/wp-json\/wp\/v2\/categories?post=16840"},{"taxonomy":"post_tag","embeddable":true,"href":"https:\/\/blogdorogeriogomes.com.br\/noticias\/wp-json\/wp\/v2\/tags?post=16840"}],"curies":[{"name":"wp","href":"https:\/\/api.w.org\/{rel}","templated":true}]}}