{"id":16845,"date":"2020-05-26T20:19:00","date_gmt":"2020-05-26T20:19:00","guid":{"rendered":"http:\/\/blogdorogeriogomes.com.br\/?p=16845"},"modified":"2020-05-27T14:03:12","modified_gmt":"2020-05-27T14:03:12","slug":"secretaria-de-saude-do-ceara-retira-a-recomendacao-de-uso-da-cloroquina-para-tratamento-da-covid-19","status":"publish","type":"post","link":"https:\/\/blogdorogeriogomes.com.br\/noticias\/2020\/05\/secretaria-de-saude-do-ceara-retira-a-recomendacao-de-uso-da-cloroquina-para-tratamento-da-covid-19\/","title":{"rendered":"Secretaria de Sa\u00fade do Cear\u00e1 retira a recomenda\u00e7\u00e3o de uso da cloroquina para tratamento da Covid-19"},"content":{"rendered":"\n<p>Ap\u00f3s a Organiza\u00e7\u00e3o Mundial da Sa\u00fade (OMS) suspender os testes cl\u00ednicos com a cloroquina para tratamento de pacientes com a Covid-19, a Secretaria de Sa\u00fade do Cear\u00e1 (Sesa) retirou recomenda\u00e7\u00e3o dada anteriormente sobre uso de medicamentos como a cloroquina e a hidroxicloroquina no tratamento de pacientes com coronav\u00edrus. A decis\u00e3o levou em conta an\u00e1lises de estudos cient\u00edficos que comprovam efeitos colaterais dos medicamentos nos pacientes, como a pesquisa realizada pela renomada revista cient\u00edfica The Lancet, citada na nota t\u00e9cnica da Sesa.<\/p>\n\n\n\n<figure class=\"wp-block-gallery columns-1 is-cropped wp-block-gallery-1 is-layout-flex wp-block-gallery-is-layout-flex\"><ul class=\"blocks-gallery-grid\"><li class=\"blocks-gallery-item\"><figure><img loading=\"lazy\" decoding=\"async\" width=\"678\" height=\"452\" src=\"http:\/\/blogdorogeriogomes.com.br\/wp-content\/uploads\/2020\/05\/images-2-4.jpeg\" alt=\"\" data-id=\"16846\" data-full-url=\"http:\/\/blogdorogeriogomes.com.br\/wp-content\/uploads\/2020\/05\/images-2-4.jpeg\" data-link=\"http:\/\/blogdorogeriogomes.com.br\/?attachment_id=16846\" class=\"wp-image-16846\" srcset=\"https:\/\/blogdorogeriogomes.com.br\/noticias\/wp-content\/uploads\/2020\/05\/images-2-4.jpeg 678w, https:\/\/blogdorogeriogomes.com.br\/noticias\/wp-content\/uploads\/2020\/05\/images-2-4-300x200.jpeg 300w\" sizes=\"auto, (max-width: 678px) 100vw, 678px\" \/><\/figure><\/li><\/ul><\/figure>\n\n\n\n<p>\u201cA prescri\u00e7\u00e3o do uso, se ocorrer, dever\u00e1 ser feita em casos individualizados e por decis\u00e3o do m\u00e9dico com o paciente e com familiares, quando for o caso, com a devida explica\u00e7\u00e3o sobre efeitos colaterais, esclarecimento da aus\u00eancia de evid\u00eancias seguras e obrigatoriamente com obten\u00e7\u00e3o de termo de ci\u00eancia informado e registro em prontu\u00e1rio\u201d,&nbsp;diz a nota.<\/p>\n\n\n\n<p>Mesmo ap\u00f3s a Organiza\u00e7\u00e3o Mundial da Sa\u00fade (OMS) suspender os testes cl\u00ednicos com hidroxicloroquina no tratamento da Covid-19 e pesquisas apontarem at\u00e9 mesmo o risco de morte devido ao uso do medicamento, o Governo Federal, no entanto, mant\u00e9m as orienta\u00e7\u00f5es que ampliam o uso da droga no combate ao novo coronav\u00edrus, inclusive, para casos leves.<\/p>\n\n\n\n<p><\/p>\n","protected":false},"excerpt":{"rendered":"<p>Ap\u00f3s a Organiza\u00e7\u00e3o Mundial da Sa\u00fade (OMS) suspender os testes cl\u00ednicos com a cloroquina para tratamento de pacientes com a Covid-19, a Secretaria de Sa\u00fade do Cear\u00e1 (Sesa) retirou recomenda\u00e7\u00e3o dada anteriormente sobre uso de medicamentos como a cloroquina e a hidroxicloroquina no tratamento de pacientes com coronav\u00edrus. A decis\u00e3o levou em conta an\u00e1lises de estudos cient\u00edficos que comprovam efeitos colaterais dos medicamentos nos pacientes, como a pesquisa realizada pela renomada revista cient\u00edfica The Lancet, citada na nota t\u00e9cnica&hellip;<\/p>\n","protected":false},"author":1,"featured_media":16846,"comment_status":"open","ping_status":"open","sticky":false,"template":"","format":"standard","meta":{"footnotes":""},"categories":[1],"tags":[],"class_list":["post-16845","post","type-post","status-publish","format-standard","has-post-thumbnail","hentry","category-noticias"],"_links":{"self":[{"href":"https:\/\/blogdorogeriogomes.com.br\/noticias\/wp-json\/wp\/v2\/posts\/16845","targetHints":{"allow":["GET"]}}],"collection":[{"href":"https:\/\/blogdorogeriogomes.com.br\/noticias\/wp-json\/wp\/v2\/posts"}],"about":[{"href":"https:\/\/blogdorogeriogomes.com.br\/noticias\/wp-json\/wp\/v2\/types\/post"}],"author":[{"embeddable":true,"href":"https:\/\/blogdorogeriogomes.com.br\/noticias\/wp-json\/wp\/v2\/users\/1"}],"replies":[{"embeddable":true,"href":"https:\/\/blogdorogeriogomes.com.br\/noticias\/wp-json\/wp\/v2\/comments?post=16845"}],"version-history":[{"count":2,"href":"https:\/\/blogdorogeriogomes.com.br\/noticias\/wp-json\/wp\/v2\/posts\/16845\/revisions"}],"predecessor-version":[{"id":16862,"href":"https:\/\/blogdorogeriogomes.com.br\/noticias\/wp-json\/wp\/v2\/posts\/16845\/revisions\/16862"}],"wp:featuredmedia":[{"embeddable":true,"href":"https:\/\/blogdorogeriogomes.com.br\/noticias\/wp-json\/wp\/v2\/media\/16846"}],"wp:attachment":[{"href":"https:\/\/blogdorogeriogomes.com.br\/noticias\/wp-json\/wp\/v2\/media?parent=16845"}],"wp:term":[{"taxonomy":"category","embeddable":true,"href":"https:\/\/blogdorogeriogomes.com.br\/noticias\/wp-json\/wp\/v2\/categories?post=16845"},{"taxonomy":"post_tag","embeddable":true,"href":"https:\/\/blogdorogeriogomes.com.br\/noticias\/wp-json\/wp\/v2\/tags?post=16845"}],"curies":[{"name":"wp","href":"https:\/\/api.w.org\/{rel}","templated":true}]}}