{"id":16848,"date":"2020-05-26T23:55:15","date_gmt":"2020-05-26T23:55:15","guid":{"rendered":"http:\/\/blogdorogeriogomes.com.br\/?p=16848"},"modified":"2020-05-27T14:02:55","modified_gmt":"2020-05-27T14:02:55","slug":"retomada-gradual-da-economia-deve-acontecer-a-partir-de-1-de-junho-diz-camilo-santana","status":"publish","type":"post","link":"https:\/\/blogdorogeriogomes.com.br\/noticias\/2020\/05\/retomada-gradual-da-economia-deve-acontecer-a-partir-de-1-de-junho-diz-camilo-santana\/","title":{"rendered":"Retomada gradual da economia deve acontecer a partir de 1\u00b0 de junho, diz Camilo Santana"},"content":{"rendered":"\n<p>Em live realizada nesta ter\u00e7a-feira, dia 26 de maio, o governador do Cear\u00e1, Camilo Santana, avalia que as primeiras a\u00e7\u00f5es de retomada da economia no Estado devem acontecer a partir de 1\u00b0 de junho. O dia foi de reuni\u00f5es com t\u00e9cnicos do Governo para definir as prioridades e os primeiros setores da economia a serem contemplados. O plano de retorno das atividades econ\u00f4micas deve ser apresentado nesta quarta-feira, dia 27, ou na quinta-feira, dia 28. O atual decreto com regras r\u00edgidas de isolamento social por causa da pandemia da Covid-19 tem validade at\u00e9 31 de maio.<\/p>\n\n\n\n<p>Nesta quarta-feira, dia 27, a Secretaria de Sa\u00fade do Cear\u00e1 inicia a distribui\u00e7\u00e3o de mais de 280 mil testes r\u00e1pidos de coronav\u00edrus para as unidades p\u00fablicas de sa\u00fade de Fortaleza e interior do Estado. A avalia\u00e7\u00e3o \u00e9 que h\u00e1 uma tend\u00eancia de estabiliza\u00e7\u00e3o da doen\u00e7a na Capital.<\/p>\n\n\n\n<p>At\u00e9 o fim da tarde desta ter\u00e7a-feira, dia 26, a Secretaria de Sa\u00fade do Cear\u00e1 aponta 2.603 \u00f3bitos e 37.021 contamina\u00e7\u00f5es pelo novo coronav\u00edrus. No Brasil, s\u00e3o 24.512 mortes no Pa\u00eds e 391.222 pessoas contaminadas.<\/p>\n\n\n\n<figure class=\"wp-block-gallery columns-1 is-cropped wp-block-gallery-1 is-layout-flex wp-block-gallery-is-layout-flex\"><ul class=\"blocks-gallery-grid\"><li class=\"blocks-gallery-item\"><figure><img loading=\"lazy\" decoding=\"async\" width=\"678\" height=\"452\" src=\"http:\/\/blogdorogeriogomes.com.br\/wp-content\/uploads\/2020\/05\/images-3-4.jpeg\" alt=\"\" data-id=\"16849\" data-full-url=\"http:\/\/blogdorogeriogomes.com.br\/wp-content\/uploads\/2020\/05\/images-3-4.jpeg\" data-link=\"http:\/\/blogdorogeriogomes.com.br\/?attachment_id=16849\" class=\"wp-image-16849\" srcset=\"https:\/\/blogdorogeriogomes.com.br\/noticias\/wp-content\/uploads\/2020\/05\/images-3-4.jpeg 678w, https:\/\/blogdorogeriogomes.com.br\/noticias\/wp-content\/uploads\/2020\/05\/images-3-4-300x200.jpeg 300w\" sizes=\"auto, (max-width: 678px) 100vw, 678px\" \/><\/figure><\/li><\/ul><\/figure>\n","protected":false},"excerpt":{"rendered":"<p>Em live realizada nesta ter\u00e7a-feira, dia 26 de maio, o governador do Cear\u00e1, Camilo Santana, avalia que as primeiras a\u00e7\u00f5es de retomada da economia no Estado devem acontecer a partir de 1\u00b0 de junho. O dia foi de reuni\u00f5es com t\u00e9cnicos do Governo para definir as prioridades e os primeiros setores da economia a serem contemplados. O plano de retorno das atividades econ\u00f4micas deve ser apresentado nesta quarta-feira, dia 27, ou na quinta-feira, dia 28. O atual decreto com&hellip;<\/p>\n","protected":false},"author":1,"featured_media":16849,"comment_status":"open","ping_status":"open","sticky":false,"template":"","format":"standard","meta":{"footnotes":""},"categories":[1],"tags":[],"class_list":["post-16848","post","type-post","status-publish","format-standard","has-post-thumbnail","hentry","category-noticias"],"_links":{"self":[{"href":"https:\/\/blogdorogeriogomes.com.br\/noticias\/wp-json\/wp\/v2\/posts\/16848","targetHints":{"allow":["GET"]}}],"collection":[{"href":"https:\/\/blogdorogeriogomes.com.br\/noticias\/wp-json\/wp\/v2\/posts"}],"about":[{"href":"https:\/\/blogdorogeriogomes.com.br\/noticias\/wp-json\/wp\/v2\/types\/post"}],"author":[{"embeddable":true,"href":"https:\/\/blogdorogeriogomes.com.br\/noticias\/wp-json\/wp\/v2\/users\/1"}],"replies":[{"embeddable":true,"href":"https:\/\/blogdorogeriogomes.com.br\/noticias\/wp-json\/wp\/v2\/comments?post=16848"}],"version-history":[{"count":1,"href":"https:\/\/blogdorogeriogomes.com.br\/noticias\/wp-json\/wp\/v2\/posts\/16848\/revisions"}],"predecessor-version":[{"id":16850,"href":"https:\/\/blogdorogeriogomes.com.br\/noticias\/wp-json\/wp\/v2\/posts\/16848\/revisions\/16850"}],"wp:featuredmedia":[{"embeddable":true,"href":"https:\/\/blogdorogeriogomes.com.br\/noticias\/wp-json\/wp\/v2\/media\/16849"}],"wp:attachment":[{"href":"https:\/\/blogdorogeriogomes.com.br\/noticias\/wp-json\/wp\/v2\/media?parent=16848"}],"wp:term":[{"taxonomy":"category","embeddable":true,"href":"https:\/\/blogdorogeriogomes.com.br\/noticias\/wp-json\/wp\/v2\/categories?post=16848"},{"taxonomy":"post_tag","embeddable":true,"href":"https:\/\/blogdorogeriogomes.com.br\/noticias\/wp-json\/wp\/v2\/tags?post=16848"}],"curies":[{"name":"wp","href":"https:\/\/api.w.org\/{rel}","templated":true}]}}