{"id":16852,"date":"2020-05-27T10:57:04","date_gmt":"2020-05-27T10:57:04","guid":{"rendered":"http:\/\/blogdorogeriogomes.com.br\/?p=16852"},"modified":"2020-05-27T14:02:41","modified_gmt":"2020-05-27T14:02:41","slug":"escolas-particulares-no-ceara-tracam-planejamento-para-retornar-parte-das-aulas-em-junho","status":"publish","type":"post","link":"https:\/\/blogdorogeriogomes.com.br\/noticias\/2020\/05\/escolas-particulares-no-ceara-tracam-planejamento-para-retornar-parte-das-aulas-em-junho\/","title":{"rendered":"Escolas particulares no Cear\u00e1 tra\u00e7am planejamento para retornar parte das aulas em junho"},"content":{"rendered":"\n<p>Na medida que o Governo do Estado abre perspectivas de reabertura da economia, o Sindicato dos Estabelecimentos Particulares de Ensino do Cear\u00e1 planeja a volta das&nbsp;aulas presenciais de toda a educa\u00e7\u00e3o infantil, 1\u00ba, 2\u00ba e 3\u00ba anos do ensino fundamental e 3\u00ba ano do ensino m\u00e9dio da rede particular para o dia 17 de junho. <\/p>\n\n\n\n<p>O retorno antecipado seria feito com a aplica\u00e7\u00e3o de todos os protocolos de sa\u00fade como a higieniza\u00e7\u00e3o, o distanciamento, a suspens\u00e3o de atividades que requerem contato direto.<\/p>\n\n\n\n<p>Para as demais s\u00e9ries, a previs\u00e3o de retorno seria 1\u00b0 de julho. Apesar de alguns estabelecimentos terem adotado o sistema de aulas remotas, h\u00e1 escolas que apostaram em outros modelos durante a pandemia, inclusive, com antecipa\u00e7\u00e3o de f\u00e9rias dos alunos. Na rede p\u00fablica estadual, ainda n\u00e3o h\u00e1 datas para retorno. Tudo vai depender da orienta\u00e7\u00e3o do Governo do Cear\u00e1 quanto ao relaxamento das regras de isolamento social.<\/p>\n\n\n\n<figure class=\"wp-block-gallery columns-1 is-cropped wp-block-gallery-1 is-layout-flex wp-block-gallery-is-layout-flex\"><ul class=\"blocks-gallery-grid\"><li class=\"blocks-gallery-item\"><figure><img loading=\"lazy\" decoding=\"async\" width=\"650\" height=\"450\" src=\"http:\/\/blogdorogeriogomes.com.br\/wp-content\/uploads\/2020\/05\/images-4-2.jpeg\" alt=\"\" data-id=\"16853\" data-full-url=\"http:\/\/blogdorogeriogomes.com.br\/wp-content\/uploads\/2020\/05\/images-4-2.jpeg\" data-link=\"http:\/\/blogdorogeriogomes.com.br\/?attachment_id=16853\" class=\"wp-image-16853\" srcset=\"https:\/\/blogdorogeriogomes.com.br\/noticias\/wp-content\/uploads\/2020\/05\/images-4-2.jpeg 650w, https:\/\/blogdorogeriogomes.com.br\/noticias\/wp-content\/uploads\/2020\/05\/images-4-2-300x208.jpeg 300w\" sizes=\"auto, (max-width: 650px) 100vw, 650px\" \/><\/figure><\/li><\/ul><\/figure>\n","protected":false},"excerpt":{"rendered":"<p>Na medida que o Governo do Estado abre perspectivas de reabertura da economia, o Sindicato dos Estabelecimentos Particulares de Ensino do Cear\u00e1 planeja a volta das&nbsp;aulas presenciais de toda a educa\u00e7\u00e3o infantil, 1\u00ba, 2\u00ba e 3\u00ba anos do ensino fundamental e 3\u00ba ano do ensino m\u00e9dio da rede particular para o dia 17 de junho. O retorno antecipado seria feito com a aplica\u00e7\u00e3o de todos os protocolos de sa\u00fade como a higieniza\u00e7\u00e3o, o distanciamento, a suspens\u00e3o de atividades que&hellip;<\/p>\n","protected":false},"author":1,"featured_media":16853,"comment_status":"open","ping_status":"open","sticky":false,"template":"","format":"standard","meta":{"footnotes":""},"categories":[1],"tags":[],"class_list":["post-16852","post","type-post","status-publish","format-standard","has-post-thumbnail","hentry","category-noticias"],"_links":{"self":[{"href":"https:\/\/blogdorogeriogomes.com.br\/noticias\/wp-json\/wp\/v2\/posts\/16852","targetHints":{"allow":["GET"]}}],"collection":[{"href":"https:\/\/blogdorogeriogomes.com.br\/noticias\/wp-json\/wp\/v2\/posts"}],"about":[{"href":"https:\/\/blogdorogeriogomes.com.br\/noticias\/wp-json\/wp\/v2\/types\/post"}],"author":[{"embeddable":true,"href":"https:\/\/blogdorogeriogomes.com.br\/noticias\/wp-json\/wp\/v2\/users\/1"}],"replies":[{"embeddable":true,"href":"https:\/\/blogdorogeriogomes.com.br\/noticias\/wp-json\/wp\/v2\/comments?post=16852"}],"version-history":[{"count":2,"href":"https:\/\/blogdorogeriogomes.com.br\/noticias\/wp-json\/wp\/v2\/posts\/16852\/revisions"}],"predecessor-version":[{"id":16861,"href":"https:\/\/blogdorogeriogomes.com.br\/noticias\/wp-json\/wp\/v2\/posts\/16852\/revisions\/16861"}],"wp:featuredmedia":[{"embeddable":true,"href":"https:\/\/blogdorogeriogomes.com.br\/noticias\/wp-json\/wp\/v2\/media\/16853"}],"wp:attachment":[{"href":"https:\/\/blogdorogeriogomes.com.br\/noticias\/wp-json\/wp\/v2\/media?parent=16852"}],"wp:term":[{"taxonomy":"category","embeddable":true,"href":"https:\/\/blogdorogeriogomes.com.br\/noticias\/wp-json\/wp\/v2\/categories?post=16852"},{"taxonomy":"post_tag","embeddable":true,"href":"https:\/\/blogdorogeriogomes.com.br\/noticias\/wp-json\/wp\/v2\/tags?post=16852"}],"curies":[{"name":"wp","href":"https:\/\/api.w.org\/{rel}","templated":true}]}}