{"id":16863,"date":"2020-05-27T20:21:46","date_gmt":"2020-05-27T20:21:46","guid":{"rendered":"http:\/\/blogdorogeriogomes.com.br\/?p=16863"},"modified":"2020-05-28T12:38:32","modified_gmt":"2020-05-28T12:38:32","slug":"alexandre-de-moraes-determina-quebra-de-sigilos-bancario-e-fiscal-de-investigados-incluindo-o-periodo-da-campanha-eleitoral-de-2018","status":"publish","type":"post","link":"https:\/\/blogdorogeriogomes.com.br\/noticias\/2020\/05\/alexandre-de-moraes-determina-quebra-de-sigilos-bancario-e-fiscal-de-investigados-incluindo-o-periodo-da-campanha-eleitoral-de-2018\/","title":{"rendered":"Alexandre de Moraes determina quebra de sigilos banc\u00e1rio e fiscal de investigados incluindo o per\u00edodo da campanha eleitoral de 2018"},"content":{"rendered":"\n<p>Na opera\u00e7\u00e3o da Pol\u00edcia Federal desencadeada nesta quarta-feira, dia 27 de maio, que investiga a difus\u00e3o de fake news contra autoridades p\u00fablicas, o ministro Alexandre de Moraes, do Supremo Tribunal Federal (STF), incluiu parte do per\u00edodo da campanha eleitoral de 2018 ao determinar a quebra dos sigilos banc\u00e1rio e fiscal de empres\u00e1rios&nbsp;suspeitos de financiar uma rede de fake news, como os donos da Havan, Luciano Hang, e da Smart Fit, Edgard Corona. A decis\u00e3o do ministro se refere a dados financeiros do per\u00edodo de julho de 2018 a abril de 2020. Na decis\u00e3o, Alexandre de Moraes tamb\u00e9m determinou o bloqueio de contas em redes sociais, tais como Facebook, Twitter e Instagram dos 17 investigados, que incluem pessoas ligadas ao c\u00edrculo de relacionamento do presidente Jair Bolsonaro e dos seus filhos.<\/p>\n\n\n\n<p>O procurador-geral da Rep\u00fablica, Augusto Aras, afirmou que as dilig\u00eancias determinadas pelo ministro Alexandre de Moraes no inqu\u00e9rito que apura amea\u00e7as e fake news contra membros do STF foram &#8220;desproporcionais e desnecess\u00e1rias&#8221; e chegou a pedir ao Supremo a suspens\u00e3o da investiga\u00e7\u00e3o sobre fake news.<\/p>\n\n\n\n<p>No despacho autorizando a opera\u00e7\u00e3o da PF, o ministro do STF, Alexandre de Moraes, justificou: &#8220;As provas colhidas e os laudos t\u00e9cnicos apresentados no inqu\u00e9rito apontaram para a exist\u00eancia de uma associa\u00e7\u00e3o criminosa dedicada \u00e0 dissemina\u00e7\u00e3o de not\u00edcias falsas, ataques ofensivos a diversas pessoas, \u00e0s autoridades e \u00e0s Institui\u00e7\u00f5es, dentre elas, o Supremo Tribunal Federal, com flagrante conte\u00fado de \u00f3dio, subvers\u00e3o da ordem e incentivo \u00e0 quebra da normalidade institucional e democr\u00e1tica&#8221;.<\/p>\n\n\n\n<p>\u201cA liberdade de imprensa n\u00e3o \u00e9 constru\u00edda por rob\u00f4s, o que \u00e9 constru\u00eddo por rob\u00f4s s\u00e3o as fake news\u201d, justificou o ministro do STF. \u201cAo agredir os jornalistas, ao possibilitar que essas mil\u00edcias digitais, se permitirmos isso, o que n\u00f3s estaremos permitindo \u00e9 um ataque \u00e0 liberdade de imprensa\u201d, acrescentou Alexandre de Moraes.<\/p>\n\n\n\n<figure class=\"wp-block-gallery columns-1 is-cropped wp-block-gallery-1 is-layout-flex wp-block-gallery-is-layout-flex\"><ul class=\"blocks-gallery-grid\"><li class=\"blocks-gallery-item\"><figure><img loading=\"lazy\" decoding=\"async\" width=\"678\" height=\"452\" src=\"http:\/\/blogdorogeriogomes.com.br\/wp-content\/uploads\/2020\/05\/images-6-3.jpeg\" alt=\"\" data-id=\"16864\" data-full-url=\"http:\/\/blogdorogeriogomes.com.br\/wp-content\/uploads\/2020\/05\/images-6-3.jpeg\" data-link=\"http:\/\/blogdorogeriogomes.com.br\/?attachment_id=16864\" class=\"wp-image-16864\" srcset=\"https:\/\/blogdorogeriogomes.com.br\/noticias\/wp-content\/uploads\/2020\/05\/images-6-3.jpeg 678w, https:\/\/blogdorogeriogomes.com.br\/noticias\/wp-content\/uploads\/2020\/05\/images-6-3-300x200.jpeg 300w\" sizes=\"auto, (max-width: 678px) 100vw, 678px\" \/><\/figure><\/li><\/ul><\/figure>\n","protected":false},"excerpt":{"rendered":"<p>Na opera\u00e7\u00e3o da Pol\u00edcia Federal desencadeada nesta quarta-feira, dia 27 de maio, que investiga a difus\u00e3o de fake news contra autoridades p\u00fablicas, o ministro Alexandre de Moraes, do Supremo Tribunal Federal (STF), incluiu parte do per\u00edodo da campanha eleitoral de 2018 ao determinar a quebra dos sigilos banc\u00e1rio e fiscal de empres\u00e1rios&nbsp;suspeitos de financiar uma rede de fake news, como os donos da Havan, Luciano Hang, e da Smart Fit, Edgard Corona. A decis\u00e3o do ministro se refere a&hellip;<\/p>\n","protected":false},"author":1,"featured_media":16864,"comment_status":"open","ping_status":"open","sticky":false,"template":"","format":"standard","meta":{"footnotes":""},"categories":[1],"tags":[],"class_list":["post-16863","post","type-post","status-publish","format-standard","has-post-thumbnail","hentry","category-noticias"],"_links":{"self":[{"href":"https:\/\/blogdorogeriogomes.com.br\/noticias\/wp-json\/wp\/v2\/posts\/16863","targetHints":{"allow":["GET"]}}],"collection":[{"href":"https:\/\/blogdorogeriogomes.com.br\/noticias\/wp-json\/wp\/v2\/posts"}],"about":[{"href":"https:\/\/blogdorogeriogomes.com.br\/noticias\/wp-json\/wp\/v2\/types\/post"}],"author":[{"embeddable":true,"href":"https:\/\/blogdorogeriogomes.com.br\/noticias\/wp-json\/wp\/v2\/users\/1"}],"replies":[{"embeddable":true,"href":"https:\/\/blogdorogeriogomes.com.br\/noticias\/wp-json\/wp\/v2\/comments?post=16863"}],"version-history":[{"count":2,"href":"https:\/\/blogdorogeriogomes.com.br\/noticias\/wp-json\/wp\/v2\/posts\/16863\/revisions"}],"predecessor-version":[{"id":16876,"href":"https:\/\/blogdorogeriogomes.com.br\/noticias\/wp-json\/wp\/v2\/posts\/16863\/revisions\/16876"}],"wp:featuredmedia":[{"embeddable":true,"href":"https:\/\/blogdorogeriogomes.com.br\/noticias\/wp-json\/wp\/v2\/media\/16864"}],"wp:attachment":[{"href":"https:\/\/blogdorogeriogomes.com.br\/noticias\/wp-json\/wp\/v2\/media?parent=16863"}],"wp:term":[{"taxonomy":"category","embeddable":true,"href":"https:\/\/blogdorogeriogomes.com.br\/noticias\/wp-json\/wp\/v2\/categories?post=16863"},{"taxonomy":"post_tag","embeddable":true,"href":"https:\/\/blogdorogeriogomes.com.br\/noticias\/wp-json\/wp\/v2\/tags?post=16863"}],"curies":[{"name":"wp","href":"https:\/\/api.w.org\/{rel}","templated":true}]}}