{"id":16866,"date":"2020-05-27T23:22:24","date_gmt":"2020-05-27T23:22:24","guid":{"rendered":"http:\/\/blogdorogeriogomes.com.br\/?p=16866"},"modified":"2020-05-28T12:37:54","modified_gmt":"2020-05-28T12:37:54","slug":"expocrato-2020-nao-acontecera-mais-em-julho-por-causa-dos-efeitos-da-pandemia-do-coronavirus","status":"publish","type":"post","link":"https:\/\/blogdorogeriogomes.com.br\/noticias\/2020\/05\/expocrato-2020-nao-acontecera-mais-em-julho-por-causa-dos-efeitos-da-pandemia-do-coronavirus\/","title":{"rendered":"Expocrato 2020 n\u00e3o acontecer\u00e1 mais em julho por causa dos efeitos da pandemia do coronav\u00edrus"},"content":{"rendered":"\n<p>Conhecida festa popular que movimenta a Regi\u00e3o do Cariri, sempre no m\u00eas de julho, a Expocrato n\u00e3o acontecer\u00e1 este ano na tradicional data devido aos efeitos provocados pela pandemia do coronav\u00edrus. A Secretaria do Desenvolvimento Agr\u00e1rio e a Prefeitura do Crato confirmaram, nesta ter\u00e7a-feira, dia 26 de maio, a inviabilidade da realiza\u00e7\u00e3o da Exposi\u00e7\u00e3o Agropecu\u00e1ria do Crato nas datas previstas.&nbsp;<\/p>\n\n\n\n<p>Em junho, haver\u00e1 um encontro&nbsp;do Comit\u00ea Gestor para reavaliar uma nova data para a 69\u00aa Expocrato. Anualmente, o evento acontece com a exposi\u00e7\u00e3o de criadores de animais e o Festival Expocrato, que re\u00fane artistas locais e nacionais.<\/p>\n\n\n\n<p>Nesta ter\u00e7a-feira, a Secretaria de Sa\u00fade do Cear\u00e1 confirmou que chegou a 2.671&nbsp;o n\u00famero de mortes por Covid-19 no Estado, enquanto os casos confirmados da doen\u00e7a subiram para 37.275. Os dados tamb\u00e9m mostram que 23.890 pessoas se recuperaram do novo coronav\u00edrus.<\/p>\n\n\n\n<figure class=\"wp-block-gallery columns-1 is-cropped wp-block-gallery-1 is-layout-flex wp-block-gallery-is-layout-flex\"><ul class=\"blocks-gallery-grid\"><li class=\"blocks-gallery-item\"><figure><img loading=\"lazy\" decoding=\"async\" width=\"678\" height=\"452\" src=\"http:\/\/blogdorogeriogomes.com.br\/wp-content\/uploads\/2020\/05\/images-7-3.jpeg\" alt=\"\" data-id=\"16867\" data-full-url=\"http:\/\/blogdorogeriogomes.com.br\/wp-content\/uploads\/2020\/05\/images-7-3.jpeg\" data-link=\"http:\/\/blogdorogeriogomes.com.br\/?attachment_id=16867\" class=\"wp-image-16867\" srcset=\"https:\/\/blogdorogeriogomes.com.br\/noticias\/wp-content\/uploads\/2020\/05\/images-7-3.jpeg 678w, https:\/\/blogdorogeriogomes.com.br\/noticias\/wp-content\/uploads\/2020\/05\/images-7-3-300x200.jpeg 300w\" sizes=\"auto, (max-width: 678px) 100vw, 678px\" \/><\/figure><\/li><\/ul><\/figure>\n","protected":false},"excerpt":{"rendered":"<p>Conhecida festa popular que movimenta a Regi\u00e3o do Cariri, sempre no m\u00eas de julho, a Expocrato n\u00e3o acontecer\u00e1 este ano na tradicional data devido aos efeitos provocados pela pandemia do coronav\u00edrus. A Secretaria do Desenvolvimento Agr\u00e1rio e a Prefeitura do Crato confirmaram, nesta ter\u00e7a-feira, dia 26 de maio, a inviabilidade da realiza\u00e7\u00e3o da Exposi\u00e7\u00e3o Agropecu\u00e1ria do Crato nas datas previstas.&nbsp; Em junho, haver\u00e1 um encontro&nbsp;do Comit\u00ea Gestor para reavaliar uma nova data para a 69\u00aa Expocrato. Anualmente, o evento&hellip;<\/p>\n","protected":false},"author":1,"featured_media":16867,"comment_status":"open","ping_status":"open","sticky":false,"template":"","format":"standard","meta":{"footnotes":""},"categories":[1],"tags":[],"class_list":["post-16866","post","type-post","status-publish","format-standard","has-post-thumbnail","hentry","category-noticias"],"_links":{"self":[{"href":"https:\/\/blogdorogeriogomes.com.br\/noticias\/wp-json\/wp\/v2\/posts\/16866","targetHints":{"allow":["GET"]}}],"collection":[{"href":"https:\/\/blogdorogeriogomes.com.br\/noticias\/wp-json\/wp\/v2\/posts"}],"about":[{"href":"https:\/\/blogdorogeriogomes.com.br\/noticias\/wp-json\/wp\/v2\/types\/post"}],"author":[{"embeddable":true,"href":"https:\/\/blogdorogeriogomes.com.br\/noticias\/wp-json\/wp\/v2\/users\/1"}],"replies":[{"embeddable":true,"href":"https:\/\/blogdorogeriogomes.com.br\/noticias\/wp-json\/wp\/v2\/comments?post=16866"}],"version-history":[{"count":2,"href":"https:\/\/blogdorogeriogomes.com.br\/noticias\/wp-json\/wp\/v2\/posts\/16866\/revisions"}],"predecessor-version":[{"id":16875,"href":"https:\/\/blogdorogeriogomes.com.br\/noticias\/wp-json\/wp\/v2\/posts\/16866\/revisions\/16875"}],"wp:featuredmedia":[{"embeddable":true,"href":"https:\/\/blogdorogeriogomes.com.br\/noticias\/wp-json\/wp\/v2\/media\/16867"}],"wp:attachment":[{"href":"https:\/\/blogdorogeriogomes.com.br\/noticias\/wp-json\/wp\/v2\/media?parent=16866"}],"wp:term":[{"taxonomy":"category","embeddable":true,"href":"https:\/\/blogdorogeriogomes.com.br\/noticias\/wp-json\/wp\/v2\/categories?post=16866"},{"taxonomy":"post_tag","embeddable":true,"href":"https:\/\/blogdorogeriogomes.com.br\/noticias\/wp-json\/wp\/v2\/tags?post=16866"}],"curies":[{"name":"wp","href":"https:\/\/api.w.org\/{rel}","templated":true}]}}