{"id":16872,"date":"2020-05-28T11:39:45","date_gmt":"2020-05-28T11:39:45","guid":{"rendered":"http:\/\/blogdorogeriogomes.com.br\/?p=16872"},"modified":"2020-05-28T12:37:38","modified_gmt":"2020-05-28T12:37:38","slug":"planalto-ingressa-com-habeas-corpus-para-impedir-depoimento-no-stf-ou-prisao-do-ministro-da-educacao","status":"publish","type":"post","link":"https:\/\/blogdorogeriogomes.com.br\/noticias\/2020\/05\/planalto-ingressa-com-habeas-corpus-para-impedir-depoimento-no-stf-ou-prisao-do-ministro-da-educacao\/","title":{"rendered":"Planalto ingressa com habeas corpus para impedir depoimento no STF ou pris\u00e3o do Ministro da Educa\u00e7\u00e3o"},"content":{"rendered":"\n<p>Ap\u00f3s reuni\u00e3o com o presidente Jair Bolsonaro para definir estrat\u00e9gias de rea\u00e7\u00e3o ao Supremo Tribunal Federal, o ministro da Justi\u00e7a, Andr\u00e9 Mendon\u00e7a, ingressou com um pedido de habeas corpus para o ministro da Educa\u00e7\u00e3o, Abraham Weintraub, a fim de &#8220;garantir liberdade de express\u00e3o dos cidad\u00e3os&#8221;. Em reuni\u00e3o ministerial, Weintraub chamou os 11 ministros do STF de &#8220;vagabundos&#8221; e defendeu que todos fossem presos. O ministro da Educa\u00e7\u00e3o j\u00e1 foi convocado pelo Senado Federal para prestar esclarecimentos.<\/p>\n\n\n\n<p>Com o pedido de habeas corpus, a ideia \u00e9 impedir a pris\u00e3o ou outra medida cautelar contra Weintraub no caso de ele se recusar a cumprir a determina\u00e7\u00e3o do STF de prestar depoimento.<\/p>\n\n\n\n<p>Em tempo: Nesta quarta-feira, dia 27 de maio, o presidente Jair Bolsonaro sancionou com vetos a lei de socorro aos estados e munic\u00edpios. Ap\u00f3s dar aval a deputados e senadores para manter reajuste mais amplo para servidores p\u00fablicos, o presidente atendeu a apelo do ministro da Economia, Paulo Guedes, e congelou os sal\u00e1rios at\u00e9 o fim de 2021.<\/p>\n\n\n\n<figure class=\"wp-block-gallery columns-1 is-cropped wp-block-gallery-1 is-layout-flex wp-block-gallery-is-layout-flex\"><ul class=\"blocks-gallery-grid\"><li class=\"blocks-gallery-item\"><figure><img loading=\"lazy\" decoding=\"async\" width=\"739\" height=\"415\" src=\"http:\/\/blogdorogeriogomes.com.br\/wp-content\/uploads\/2020\/05\/images-9-4.jpeg\" alt=\"\" data-id=\"16873\" data-full-url=\"http:\/\/blogdorogeriogomes.com.br\/wp-content\/uploads\/2020\/05\/images-9-4.jpeg\" data-link=\"http:\/\/blogdorogeriogomes.com.br\/?attachment_id=16873\" class=\"wp-image-16873\" srcset=\"https:\/\/blogdorogeriogomes.com.br\/noticias\/wp-content\/uploads\/2020\/05\/images-9-4.jpeg 739w, https:\/\/blogdorogeriogomes.com.br\/noticias\/wp-content\/uploads\/2020\/05\/images-9-4-300x168.jpeg 300w\" sizes=\"auto, (max-width: 739px) 100vw, 739px\" \/><\/figure><\/li><\/ul><\/figure>\n\n\n\n<p><\/p>\n","protected":false},"excerpt":{"rendered":"<p>Ap\u00f3s reuni\u00e3o com o presidente Jair Bolsonaro para definir estrat\u00e9gias de rea\u00e7\u00e3o ao Supremo Tribunal Federal, o ministro da Justi\u00e7a, Andr\u00e9 Mendon\u00e7a, ingressou com um pedido de habeas corpus para o ministro da Educa\u00e7\u00e3o, Abraham Weintraub, a fim de &#8220;garantir liberdade de express\u00e3o dos cidad\u00e3os&#8221;. Em reuni\u00e3o ministerial, Weintraub chamou os 11 ministros do STF de &#8220;vagabundos&#8221; e defendeu que todos fossem presos. O ministro da Educa\u00e7\u00e3o j\u00e1 foi convocado pelo Senado Federal para prestar esclarecimentos. Com o pedido&hellip;<\/p>\n","protected":false},"author":1,"featured_media":16873,"comment_status":"open","ping_status":"open","sticky":false,"template":"","format":"standard","meta":{"footnotes":""},"categories":[1],"tags":[],"class_list":["post-16872","post","type-post","status-publish","format-standard","has-post-thumbnail","hentry","category-noticias"],"_links":{"self":[{"href":"https:\/\/blogdorogeriogomes.com.br\/noticias\/wp-json\/wp\/v2\/posts\/16872","targetHints":{"allow":["GET"]}}],"collection":[{"href":"https:\/\/blogdorogeriogomes.com.br\/noticias\/wp-json\/wp\/v2\/posts"}],"about":[{"href":"https:\/\/blogdorogeriogomes.com.br\/noticias\/wp-json\/wp\/v2\/types\/post"}],"author":[{"embeddable":true,"href":"https:\/\/blogdorogeriogomes.com.br\/noticias\/wp-json\/wp\/v2\/users\/1"}],"replies":[{"embeddable":true,"href":"https:\/\/blogdorogeriogomes.com.br\/noticias\/wp-json\/wp\/v2\/comments?post=16872"}],"version-history":[{"count":1,"href":"https:\/\/blogdorogeriogomes.com.br\/noticias\/wp-json\/wp\/v2\/posts\/16872\/revisions"}],"predecessor-version":[{"id":16874,"href":"https:\/\/blogdorogeriogomes.com.br\/noticias\/wp-json\/wp\/v2\/posts\/16872\/revisions\/16874"}],"wp:featuredmedia":[{"embeddable":true,"href":"https:\/\/blogdorogeriogomes.com.br\/noticias\/wp-json\/wp\/v2\/media\/16873"}],"wp:attachment":[{"href":"https:\/\/blogdorogeriogomes.com.br\/noticias\/wp-json\/wp\/v2\/media?parent=16872"}],"wp:term":[{"taxonomy":"category","embeddable":true,"href":"https:\/\/blogdorogeriogomes.com.br\/noticias\/wp-json\/wp\/v2\/categories?post=16872"},{"taxonomy":"post_tag","embeddable":true,"href":"https:\/\/blogdorogeriogomes.com.br\/noticias\/wp-json\/wp\/v2\/tags?post=16872"}],"curies":[{"name":"wp","href":"https:\/\/api.w.org\/{rel}","templated":true}]}}