{"id":16881,"date":"2020-05-28T18:15:51","date_gmt":"2020-05-28T18:15:51","guid":{"rendered":"http:\/\/blogdorogeriogomes.com.br\/?p=16881"},"modified":"2020-05-28T21:54:43","modified_gmt":"2020-05-28T21:54:43","slug":"plano-de-retomada-da-economia-no-ceara-tera-quatro-fases-e-ja-inicia-a-partir-de-1-de-junho","status":"publish","type":"post","link":"https:\/\/blogdorogeriogomes.com.br\/noticias\/2020\/05\/plano-de-retomada-da-economia-no-ceara-tera-quatro-fases-e-ja-inicia-a-partir-de-1-de-junho\/","title":{"rendered":"Plano de retomada da economia no Cear\u00e1 ter\u00e1 quatro fases e j\u00e1 inicia a partir de 1\u00b0 de junho"},"content":{"rendered":"\n<p>O governador do Cear\u00e1, Camilo Santana, definiu que o plano de retomada da economia no Estado ser\u00e1 executado em quatro etapas. Na fase de transi\u00e7\u00e3o, que inicia a partir de segunda-feira, dia 1\u00b0 de junho, atividades da constru\u00e7\u00e3o civil, com obras de no m\u00e1ximo 100 oper\u00e1rios, do setor de higiene e beleza, como barbearias, manicures e sal\u00f5es de beleza, j\u00e1 poder\u00e3o funcionar.<\/p>\n\n\n\n<p>Tamb\u00e9m ficam autorizadas as \u00f3ticas e toda a cadeia da sa\u00fade, como consult\u00f3rios m\u00e9dicos, odontol\u00f3gicos e escrit\u00f3rios. Ind\u00fastria t\u00eaxtil e de cal\u00e7ados, fabrica\u00e7\u00e3o de eletrodom\u00e9sticos, ind\u00fastria automotiva e o retorno dos treinos dos times que disputam o Campeonato Cearense 2020 tamb\u00e9m est\u00e3o autorizados. A Federa\u00e7\u00e3o Cearense de Futebol planeja finalizar o Estadual em 15 dias.<\/p>\n\n\n\n<p>As fases seguintes do plano estadual de reabertura da economia est\u00e3o previstas para intervalos de 14 dias, observando a evolu\u00e7\u00e3o no n\u00famero de casos e mortos pela Covid-19. &#8220;Para que n\u00e3o haja retrocesso, \u00e9 preciso obedici\u00eanica a toda regra de isolamento social&#8221;, pontou o secret\u00e1rio de Sa\u00fade do Cear\u00e1, Dr. Cabeto.<\/p>\n\n\n\n<figure class=\"wp-block-gallery columns-1 is-cropped wp-block-gallery-1 is-layout-flex wp-block-gallery-is-layout-flex\"><ul class=\"blocks-gallery-grid\"><li class=\"blocks-gallery-item\"><figure><img loading=\"lazy\" decoding=\"async\" width=\"721\" height=\"425\" src=\"http:\/\/blogdorogeriogomes.com.br\/wp-content\/uploads\/2020\/05\/images-10-3.jpeg\" alt=\"\" data-id=\"16882\" data-full-url=\"http:\/\/blogdorogeriogomes.com.br\/wp-content\/uploads\/2020\/05\/images-10-3.jpeg\" data-link=\"http:\/\/blogdorogeriogomes.com.br\/?attachment_id=16882\" class=\"wp-image-16882\" srcset=\"https:\/\/blogdorogeriogomes.com.br\/noticias\/wp-content\/uploads\/2020\/05\/images-10-3.jpeg 721w, https:\/\/blogdorogeriogomes.com.br\/noticias\/wp-content\/uploads\/2020\/05\/images-10-3-300x177.jpeg 300w\" sizes=\"auto, (max-width: 721px) 100vw, 721px\" \/><\/figure><\/li><\/ul><\/figure>\n","protected":false},"excerpt":{"rendered":"<p>O governador do Cear\u00e1, Camilo Santana, definiu que o plano de retomada da economia no Estado ser\u00e1 executado em quatro etapas. Na fase de transi\u00e7\u00e3o, que inicia a partir de segunda-feira, dia 1\u00b0 de junho, atividades da constru\u00e7\u00e3o civil, com obras de no m\u00e1ximo 100 oper\u00e1rios, do setor de higiene e beleza, como barbearias, manicures e sal\u00f5es de beleza, j\u00e1 poder\u00e3o funcionar. Tamb\u00e9m ficam autorizadas as \u00f3ticas e toda a cadeia da sa\u00fade, como consult\u00f3rios m\u00e9dicos, odontol\u00f3gicos e escrit\u00f3rios.&hellip;<\/p>\n","protected":false},"author":1,"featured_media":16882,"comment_status":"open","ping_status":"open","sticky":false,"template":"","format":"standard","meta":{"footnotes":""},"categories":[1],"tags":[],"class_list":["post-16881","post","type-post","status-publish","format-standard","has-post-thumbnail","hentry","category-noticias"],"_links":{"self":[{"href":"https:\/\/blogdorogeriogomes.com.br\/noticias\/wp-json\/wp\/v2\/posts\/16881","targetHints":{"allow":["GET"]}}],"collection":[{"href":"https:\/\/blogdorogeriogomes.com.br\/noticias\/wp-json\/wp\/v2\/posts"}],"about":[{"href":"https:\/\/blogdorogeriogomes.com.br\/noticias\/wp-json\/wp\/v2\/types\/post"}],"author":[{"embeddable":true,"href":"https:\/\/blogdorogeriogomes.com.br\/noticias\/wp-json\/wp\/v2\/users\/1"}],"replies":[{"embeddable":true,"href":"https:\/\/blogdorogeriogomes.com.br\/noticias\/wp-json\/wp\/v2\/comments?post=16881"}],"version-history":[{"count":3,"href":"https:\/\/blogdorogeriogomes.com.br\/noticias\/wp-json\/wp\/v2\/posts\/16881\/revisions"}],"predecessor-version":[{"id":16885,"href":"https:\/\/blogdorogeriogomes.com.br\/noticias\/wp-json\/wp\/v2\/posts\/16881\/revisions\/16885"}],"wp:featuredmedia":[{"embeddable":true,"href":"https:\/\/blogdorogeriogomes.com.br\/noticias\/wp-json\/wp\/v2\/media\/16882"}],"wp:attachment":[{"href":"https:\/\/blogdorogeriogomes.com.br\/noticias\/wp-json\/wp\/v2\/media?parent=16881"}],"wp:term":[{"taxonomy":"category","embeddable":true,"href":"https:\/\/blogdorogeriogomes.com.br\/noticias\/wp-json\/wp\/v2\/categories?post=16881"},{"taxonomy":"post_tag","embeddable":true,"href":"https:\/\/blogdorogeriogomes.com.br\/noticias\/wp-json\/wp\/v2\/tags?post=16881"}],"curies":[{"name":"wp","href":"https:\/\/api.w.org\/{rel}","templated":true}]}}