{"id":16891,"date":"2020-05-29T11:03:41","date_gmt":"2020-05-29T11:03:41","guid":{"rendered":"http:\/\/blogdorogeriogomes.com.br\/?p=16891"},"modified":"2020-05-29T12:32:48","modified_gmt":"2020-05-29T12:32:48","slug":"secretaria-de-saude-do-ceara-define-como-vai-funcionar-a-fiscalizacao-para-retomada-gradual-da-economia","status":"publish","type":"post","link":"https:\/\/blogdorogeriogomes.com.br\/noticias\/2020\/05\/secretaria-de-saude-do-ceara-define-como-vai-funcionar-a-fiscalizacao-para-retomada-gradual-da-economia\/","title":{"rendered":"Secretaria de Sa\u00fade do Cear\u00e1 define como vai funcionar a fiscaliza\u00e7\u00e3o para retomada gradual da economia"},"content":{"rendered":"\n<p>T\u00e9cnicos da Secretaria de Sa\u00fade do Cear\u00e1 se re\u00fanem, nesta sexta-feira, dia 29 de maio, com o setor produtivo para discutir as regras dos protocolos de seguran\u00e7a para a reabertura gradual da economia no Estado. S\u00e3o 17 setores a serem contemplados com a flexibiliza\u00e7\u00e3o de opera\u00e7\u00e3o das atividades econ\u00f4micas, mesmo diante do decreto de isolamento social. Haver\u00e1 fiscaliza\u00e7\u00e3o r\u00edgida para fazer cumprir as regras definidas pelo Governo Estadual.<\/p>\n\n\n\n<p>O prefeito Roberto Cl\u00e1udio explica como v\u00e3o se dar as medidas de afrouxamento do isolamento social em Fortaleza. &#8220;A gente vai come\u00e7ar a partir de segunda-feira (dia 1\u00b0 de junho) uma fase de transi\u00e7\u00e3o. Em que atividades bem espec\u00edficas, de baixo impacto sanit\u00e1rio ser\u00e3o liberadas, at\u00e9 mesmo pra gente fazer um teste, acompanhar como \u00e9 a ades\u00e3o dessas empresas ao protocolo de seguran\u00e7a da sa\u00fade, saber como vai funcionar o transporte, se isso vai gerar ou n\u00e3o aglomera\u00e7\u00f5es, quais s\u00e3o os riscos. Ent\u00e3o \u00e9 uma fase em que a gente vai poder acompanhar, monitorar e testar a implanta\u00e7\u00e3o dessa nova retomada de alguns setores bem espec\u00edficos&#8221;.<\/p>\n\n\n\n<p>De acordo com o boletim da Secretaria de Sa\u00fade do Estado divulgado no fim da tarde de quinta-feira, dia 28 de maio, o Cear\u00e1 tem 37.821 casos confirmados e 2.733 mortes por Covid-19. Outras 24.979 pessoas est\u00e3o recuperadas. Em Fortaleza, s\u00e3o 21.328 confirma\u00e7\u00f5es da nova virose e 1.804 \u00f3bitos, enquanto os recuperados somam 13.950 casos.<\/p>\n\n\n\n<figure class=\"wp-block-gallery columns-1 is-cropped wp-block-gallery-1 is-layout-flex wp-block-gallery-is-layout-flex\"><ul class=\"blocks-gallery-grid\"><li class=\"blocks-gallery-item\"><figure><img loading=\"lazy\" decoding=\"async\" width=\"679\" height=\"452\" src=\"http:\/\/blogdorogeriogomes.com.br\/wp-content\/uploads\/2020\/05\/images-1-6.jpeg\" alt=\"\" data-id=\"16892\" data-full-url=\"http:\/\/blogdorogeriogomes.com.br\/wp-content\/uploads\/2020\/05\/images-1-6.jpeg\" data-link=\"http:\/\/blogdorogeriogomes.com.br\/?attachment_id=16892\" class=\"wp-image-16892\" srcset=\"https:\/\/blogdorogeriogomes.com.br\/noticias\/wp-content\/uploads\/2020\/05\/images-1-6.jpeg 679w, https:\/\/blogdorogeriogomes.com.br\/noticias\/wp-content\/uploads\/2020\/05\/images-1-6-300x200.jpeg 300w\" sizes=\"auto, (max-width: 679px) 100vw, 679px\" \/><\/figure><\/li><\/ul><\/figure>\n","protected":false},"excerpt":{"rendered":"<p>T\u00e9cnicos da Secretaria de Sa\u00fade do Cear\u00e1 se re\u00fanem, nesta sexta-feira, dia 29 de maio, com o setor produtivo para discutir as regras dos protocolos de seguran\u00e7a para a reabertura gradual da economia no Estado. S\u00e3o 17 setores a serem contemplados com a flexibiliza\u00e7\u00e3o de opera\u00e7\u00e3o das atividades econ\u00f4micas, mesmo diante do decreto de isolamento social. Haver\u00e1 fiscaliza\u00e7\u00e3o r\u00edgida para fazer cumprir as regras definidas pelo Governo Estadual. O prefeito Roberto Cl\u00e1udio explica como v\u00e3o se dar as medidas&hellip;<\/p>\n","protected":false},"author":1,"featured_media":16892,"comment_status":"open","ping_status":"open","sticky":false,"template":"","format":"standard","meta":{"footnotes":""},"categories":[1],"tags":[],"class_list":["post-16891","post","type-post","status-publish","format-standard","has-post-thumbnail","hentry","category-noticias"],"_links":{"self":[{"href":"https:\/\/blogdorogeriogomes.com.br\/noticias\/wp-json\/wp\/v2\/posts\/16891","targetHints":{"allow":["GET"]}}],"collection":[{"href":"https:\/\/blogdorogeriogomes.com.br\/noticias\/wp-json\/wp\/v2\/posts"}],"about":[{"href":"https:\/\/blogdorogeriogomes.com.br\/noticias\/wp-json\/wp\/v2\/types\/post"}],"author":[{"embeddable":true,"href":"https:\/\/blogdorogeriogomes.com.br\/noticias\/wp-json\/wp\/v2\/users\/1"}],"replies":[{"embeddable":true,"href":"https:\/\/blogdorogeriogomes.com.br\/noticias\/wp-json\/wp\/v2\/comments?post=16891"}],"version-history":[{"count":1,"href":"https:\/\/blogdorogeriogomes.com.br\/noticias\/wp-json\/wp\/v2\/posts\/16891\/revisions"}],"predecessor-version":[{"id":16893,"href":"https:\/\/blogdorogeriogomes.com.br\/noticias\/wp-json\/wp\/v2\/posts\/16891\/revisions\/16893"}],"wp:featuredmedia":[{"embeddable":true,"href":"https:\/\/blogdorogeriogomes.com.br\/noticias\/wp-json\/wp\/v2\/media\/16892"}],"wp:attachment":[{"href":"https:\/\/blogdorogeriogomes.com.br\/noticias\/wp-json\/wp\/v2\/media?parent=16891"}],"wp:term":[{"taxonomy":"category","embeddable":true,"href":"https:\/\/blogdorogeriogomes.com.br\/noticias\/wp-json\/wp\/v2\/categories?post=16891"},{"taxonomy":"post_tag","embeddable":true,"href":"https:\/\/blogdorogeriogomes.com.br\/noticias\/wp-json\/wp\/v2\/tags?post=16891"}],"curies":[{"name":"wp","href":"https:\/\/api.w.org\/{rel}","templated":true}]}}