{"id":16894,"date":"2020-05-29T11:27:55","date_gmt":"2020-05-29T11:27:55","guid":{"rendered":"http:\/\/blogdorogeriogomes.com.br\/?p=16894"},"modified":"2020-05-29T12:32:36","modified_gmt":"2020-05-29T12:32:36","slug":"proximidade-de-bolsonaro-com-augusto-aras-gera-suspeita-sobre-futura-indicacao-para-vaga-no-stf","status":"publish","type":"post","link":"https:\/\/blogdorogeriogomes.com.br\/noticias\/2020\/05\/proximidade-de-bolsonaro-com-augusto-aras-gera-suspeita-sobre-futura-indicacao-para-vaga-no-stf\/","title":{"rendered":"Proximidade de Bolsonaro com Augusto Aras gera suspeita sobre futura indica\u00e7\u00e3o para vaga no STF"},"content":{"rendered":"\n<p>As \u00faltimas a\u00e7\u00f5es do procurador geral da Rep\u00fablica, Augusto Aras, na defesa de assuntos de interesse do presidente Jair Bolsonaro t\u00eam causado especula\u00e7\u00f5es nos bastidores pol\u00edticos em Bras\u00edlia. Nesta quinta-feira, o pr\u00f3prio Bolsonaro cuidou de gerar mais suspeitas dessa aproxima\u00e7\u00e3o com o procurador, que \u00e9 respons\u00e1vel atualmente de investiga\u00e7\u00f5es que atingem presidente da Rep\u00fablica.<\/p>\n\n\n\n<p>Em uma live nesta quinta-feira, dia 28 de maio, Bolsonaro afirmou que o procurador-geral da Rep\u00fablica, Augusto Aras \u00e9 um nome forte a ser indicado por ele para uma poss\u00edvel terceira vaga ao Supremo Tribunal Federal (STF). &#8220;Se aparecer uma terceira vaga &#8211; espero que ningu\u00e9m desapare\u00e7a, mas o Augusto Aras entra fortemente na terceira vaga&#8221;, afirmou Bolsonaro.<\/p>\n\n\n\n<p>Augusto Aras foi escolhido para a Procuradoria Geral da Rep\u00fablica por Bolsonaro e tem adotado alguns posicionamentos vistos como favor\u00e1veis ao presidente. Nesta semana, pediu a suspens\u00e3o do inqu\u00e9rito das fake news e criticou a ordem do ministro do STF Alexandre de Moraes de opera\u00e7\u00e3o contra aliados bolsonaristas.<\/p>\n\n\n\n<figure class=\"wp-block-gallery columns-1 is-cropped wp-block-gallery-1 is-layout-flex wp-block-gallery-is-layout-flex\"><ul class=\"blocks-gallery-grid\"><li class=\"blocks-gallery-item\"><figure><img loading=\"lazy\" decoding=\"async\" width=\"678\" height=\"452\" src=\"http:\/\/blogdorogeriogomes.com.br\/wp-content\/uploads\/2020\/05\/images-2-5.jpeg\" alt=\"\" data-id=\"16895\" data-full-url=\"http:\/\/blogdorogeriogomes.com.br\/wp-content\/uploads\/2020\/05\/images-2-5.jpeg\" data-link=\"http:\/\/blogdorogeriogomes.com.br\/?attachment_id=16895\" class=\"wp-image-16895\" srcset=\"https:\/\/blogdorogeriogomes.com.br\/noticias\/wp-content\/uploads\/2020\/05\/images-2-5.jpeg 678w, https:\/\/blogdorogeriogomes.com.br\/noticias\/wp-content\/uploads\/2020\/05\/images-2-5-300x200.jpeg 300w\" sizes=\"auto, (max-width: 678px) 100vw, 678px\" \/><\/figure><\/li><\/ul><\/figure>\n\n\n\n<p><\/p>\n\n\n\n<p><\/p>\n\n\n\n<p><\/p>\n","protected":false},"excerpt":{"rendered":"<p>As \u00faltimas a\u00e7\u00f5es do procurador geral da Rep\u00fablica, Augusto Aras, na defesa de assuntos de interesse do presidente Jair Bolsonaro t\u00eam causado especula\u00e7\u00f5es nos bastidores pol\u00edticos em Bras\u00edlia. Nesta quinta-feira, o pr\u00f3prio Bolsonaro cuidou de gerar mais suspeitas dessa aproxima\u00e7\u00e3o com o procurador, que \u00e9 respons\u00e1vel atualmente de investiga\u00e7\u00f5es que atingem presidente da Rep\u00fablica. Em uma live nesta quinta-feira, dia 28 de maio, Bolsonaro afirmou que o procurador-geral da Rep\u00fablica, Augusto Aras \u00e9 um nome forte a ser indicado&hellip;<\/p>\n","protected":false},"author":1,"featured_media":16895,"comment_status":"open","ping_status":"open","sticky":false,"template":"","format":"standard","meta":{"footnotes":""},"categories":[1],"tags":[],"class_list":["post-16894","post","type-post","status-publish","format-standard","has-post-thumbnail","hentry","category-noticias"],"_links":{"self":[{"href":"https:\/\/blogdorogeriogomes.com.br\/noticias\/wp-json\/wp\/v2\/posts\/16894","targetHints":{"allow":["GET"]}}],"collection":[{"href":"https:\/\/blogdorogeriogomes.com.br\/noticias\/wp-json\/wp\/v2\/posts"}],"about":[{"href":"https:\/\/blogdorogeriogomes.com.br\/noticias\/wp-json\/wp\/v2\/types\/post"}],"author":[{"embeddable":true,"href":"https:\/\/blogdorogeriogomes.com.br\/noticias\/wp-json\/wp\/v2\/users\/1"}],"replies":[{"embeddable":true,"href":"https:\/\/blogdorogeriogomes.com.br\/noticias\/wp-json\/wp\/v2\/comments?post=16894"}],"version-history":[{"count":1,"href":"https:\/\/blogdorogeriogomes.com.br\/noticias\/wp-json\/wp\/v2\/posts\/16894\/revisions"}],"predecessor-version":[{"id":16896,"href":"https:\/\/blogdorogeriogomes.com.br\/noticias\/wp-json\/wp\/v2\/posts\/16894\/revisions\/16896"}],"wp:featuredmedia":[{"embeddable":true,"href":"https:\/\/blogdorogeriogomes.com.br\/noticias\/wp-json\/wp\/v2\/media\/16895"}],"wp:attachment":[{"href":"https:\/\/blogdorogeriogomes.com.br\/noticias\/wp-json\/wp\/v2\/media?parent=16894"}],"wp:term":[{"taxonomy":"category","embeddable":true,"href":"https:\/\/blogdorogeriogomes.com.br\/noticias\/wp-json\/wp\/v2\/categories?post=16894"},{"taxonomy":"post_tag","embeddable":true,"href":"https:\/\/blogdorogeriogomes.com.br\/noticias\/wp-json\/wp\/v2\/tags?post=16894"}],"curies":[{"name":"wp","href":"https:\/\/api.w.org\/{rel}","templated":true}]}}