{"id":16900,"date":"2020-05-29T21:49:00","date_gmt":"2020-05-29T21:49:00","guid":{"rendered":"http:\/\/blogdorogeriogomes.com.br\/?p=16900"},"modified":"2020-05-29T22:39:26","modified_gmt":"2020-05-29T22:39:26","slug":"transporte-metropolitano-volta-a-funcionar-no-dia-1-de-junho-para-atender-setores-que-retornam-ao-trabalho","status":"publish","type":"post","link":"https:\/\/blogdorogeriogomes.com.br\/noticias\/2020\/05\/transporte-metropolitano-volta-a-funcionar-no-dia-1-de-junho-para-atender-setores-que-retornam-ao-trabalho\/","title":{"rendered":"Transporte metropolitano volta a funcionar no dia 1\u00b0 de junho para atender setores que retornam ao trabalho"},"content":{"rendered":"\n<p>Com o retorno de parte de alguns setores da economia no Cear\u00e1 na pr\u00f3xima segunda-feira, dia 1\u00b0 de junho, o transporte p\u00fablico metropolitano volta a funcionar para atender a demanda de pessoas que retornam ao trabalho. Em Fortaleza, o Sindionibus tamb\u00e9m promete um refor\u00e7o na frota, que estava reduzida em v\u00e1rios bairros por causa da quarentena imposta pelo decreto estadual de isolamento social.<\/p>\n\n\n\n<p>De acordo com o Sindionibus, as empresas de \u00f4nibus precisam seguir os protocolos de seguran\u00e7a e realizando higieniza\u00e7\u00e3o rigorosa, aplicada tr\u00eas vezes por dia nos ve\u00edculos. Os passageiros t\u00eam a obriga\u00e7\u00e3o do uso de m\u00e1scaras.<\/p>\n\n\n\n<p>O in\u00edcio das atividades na segunda-feira deve seguir hor\u00e1rios diferentes para evitar aglomera\u00e7\u00f5es nos terminais. Oper\u00e1rios da onstru\u00e7\u00e3o civil entram \u00e0s 7 horas, setor de servi\u00e7os, \u00e0s 8 horas, administra\u00e7\u00e3o p\u00fablica, \u00e0s 9 horas, e com\u00e9rcio, \u00e0s 10 horas.<\/p>\n\n\n\n<p>De acordo com o boletim da Secretaria de Sa\u00fade do Cear\u00e1 divulgado no in\u00edcio da noite desta sexta-feira, dia 29 de maio, o Estado alcan\u00e7ou 126&nbsp;mortes confirmadas por Covid-19 nas \u00faltimas 24 horas, totalizando 2.859. Ao todo, s\u00e3o 38.395 pessoas infectadas. O \u00edndice de recuperados \u00e9 25.858 no Cear\u00e1.<\/p>\n\n\n\n<figure class=\"wp-block-gallery columns-1 is-cropped wp-block-gallery-1 is-layout-flex wp-block-gallery-is-layout-flex\"><ul class=\"blocks-gallery-grid\"><li class=\"blocks-gallery-item\"><figure><img loading=\"lazy\" decoding=\"async\" width=\"638\" height=\"345\" src=\"http:\/\/blogdorogeriogomes.com.br\/wp-content\/uploads\/2020\/05\/images-4-3.jpeg\" alt=\"\" data-id=\"16901\" data-full-url=\"http:\/\/blogdorogeriogomes.com.br\/wp-content\/uploads\/2020\/05\/images-4-3.jpeg\" data-link=\"http:\/\/blogdorogeriogomes.com.br\/?attachment_id=16901\" class=\"wp-image-16901\" srcset=\"https:\/\/blogdorogeriogomes.com.br\/noticias\/wp-content\/uploads\/2020\/05\/images-4-3.jpeg 638w, https:\/\/blogdorogeriogomes.com.br\/noticias\/wp-content\/uploads\/2020\/05\/images-4-3-300x162.jpeg 300w\" sizes=\"auto, (max-width: 638px) 100vw, 638px\" \/><\/figure><\/li><\/ul><\/figure>\n","protected":false},"excerpt":{"rendered":"<p>Com o retorno de parte de alguns setores da economia no Cear\u00e1 na pr\u00f3xima segunda-feira, dia 1\u00b0 de junho, o transporte p\u00fablico metropolitano volta a funcionar para atender a demanda de pessoas que retornam ao trabalho. Em Fortaleza, o Sindionibus tamb\u00e9m promete um refor\u00e7o na frota, que estava reduzida em v\u00e1rios bairros por causa da quarentena imposta pelo decreto estadual de isolamento social. De acordo com o Sindionibus, as empresas de \u00f4nibus precisam seguir os protocolos de seguran\u00e7a e&hellip;<\/p>\n","protected":false},"author":1,"featured_media":16901,"comment_status":"open","ping_status":"open","sticky":false,"template":"","format":"standard","meta":{"footnotes":""},"categories":[1],"tags":[],"class_list":["post-16900","post","type-post","status-publish","format-standard","has-post-thumbnail","hentry","category-noticias"],"_links":{"self":[{"href":"https:\/\/blogdorogeriogomes.com.br\/noticias\/wp-json\/wp\/v2\/posts\/16900","targetHints":{"allow":["GET"]}}],"collection":[{"href":"https:\/\/blogdorogeriogomes.com.br\/noticias\/wp-json\/wp\/v2\/posts"}],"about":[{"href":"https:\/\/blogdorogeriogomes.com.br\/noticias\/wp-json\/wp\/v2\/types\/post"}],"author":[{"embeddable":true,"href":"https:\/\/blogdorogeriogomes.com.br\/noticias\/wp-json\/wp\/v2\/users\/1"}],"replies":[{"embeddable":true,"href":"https:\/\/blogdorogeriogomes.com.br\/noticias\/wp-json\/wp\/v2\/comments?post=16900"}],"version-history":[{"count":2,"href":"https:\/\/blogdorogeriogomes.com.br\/noticias\/wp-json\/wp\/v2\/posts\/16900\/revisions"}],"predecessor-version":[{"id":16903,"href":"https:\/\/blogdorogeriogomes.com.br\/noticias\/wp-json\/wp\/v2\/posts\/16900\/revisions\/16903"}],"wp:featuredmedia":[{"embeddable":true,"href":"https:\/\/blogdorogeriogomes.com.br\/noticias\/wp-json\/wp\/v2\/media\/16901"}],"wp:attachment":[{"href":"https:\/\/blogdorogeriogomes.com.br\/noticias\/wp-json\/wp\/v2\/media?parent=16900"}],"wp:term":[{"taxonomy":"category","embeddable":true,"href":"https:\/\/blogdorogeriogomes.com.br\/noticias\/wp-json\/wp\/v2\/categories?post=16900"},{"taxonomy":"post_tag","embeddable":true,"href":"https:\/\/blogdorogeriogomes.com.br\/noticias\/wp-json\/wp\/v2\/tags?post=16900"}],"curies":[{"name":"wp","href":"https:\/\/api.w.org\/{rel}","templated":true}]}}