{"id":16907,"date":"2020-05-30T09:46:44","date_gmt":"2020-05-30T09:46:44","guid":{"rendered":"http:\/\/blogdorogeriogomes.com.br\/?p=16907"},"modified":"2020-06-01T12:54:24","modified_gmt":"2020-06-01T12:54:24","slug":"ciro-gomes-lanca-livro-projeto-nacional-o-dever-da-esperanca-neste-sabado","status":"publish","type":"post","link":"https:\/\/blogdorogeriogomes.com.br\/noticias\/2020\/05\/ciro-gomes-lanca-livro-projeto-nacional-o-dever-da-esperanca-neste-sabado\/","title":{"rendered":"Ciro Gomes lan\u00e7a livro &#8220;Projeto Nacional: O dever da esperan\u00e7a&#8221; neste s\u00e1bado"},"content":{"rendered":"\n<p>O ex-ministro Ciro Gomes (PDT) lan\u00e7a o livro Projeto Nacional: O dever da esperan\u00e7a, neste s\u00e1bado, dia 30 de maio. O lan\u00e7amento ser\u00e1, \u00e0s 17 horas, em live nos canais do autor e da editora LeYa Brasil no YouTube. Em conversa com a jornalista Mara Luquet, Ciro vai apresentar a nova obra, que define como sua \u201ccontribui\u00e7\u00e3o pessoal a uma reflex\u00e3o inadi\u00e1vel sobre o Brasil, as ra\u00edzes de seus graves problemas e as pistas para sua solu\u00e7\u00e3o\u201d.<\/p>\n\n\n\n<p>A frase, presente na introdu\u00e7\u00e3o do livro, reflete o esp\u00edrito de Projeto Nacional e de seu autor: n\u00e3o s\u00f3 oferecer um diagn\u00f3stico das principais quest\u00f5es que atrapalharam o nosso desenvolvimento com democracia, liberdade e justi\u00e7a, como tamb\u00e9m apresentar um vasto conjunto de ideias capazes de direcionar o Brasil rumo a um futuro desej\u00e1vel. \u00c9 o que Ciro Gomes chama de um novo Projeto Nacional de Desenvolvimento \u2013 ele segue a linha de pensadores do nacional-desenvolvimentismo, de que, para superar o atraso e a desigualdade, n\u00e3o basta crescimento econ\u00f4mico: \u00e9 necess\u00e1rio criar condi\u00e7\u00f5es para promover a justi\u00e7a social, reparar d\u00edvidas hist\u00f3ricas com o pr\u00f3prio povo, gerar oportunidades menos desiguais e, ao mesmo tempo, garantir dinamismo a este gigantesco mercado interno chamado Brasil.<\/p>\n\n\n\n<p>Ciro Gomes vem, h\u00e1 muitos anos, percorrendo o Brasil, apresentando ideias como palestrante, pol\u00edtico, candidato a cargos eletivos e estudioso dos problemas do pa\u00eds. Seu livro sintetiza, com preocupa\u00e7\u00e3o, a proposta que ele vem fazendo Brasil afora durante esse per\u00edodo que considera dram\u00e1tico na hist\u00f3ria brasileira, que vai dos anos do governo de Dilma Rousseff e Michel Temer ao come\u00e7o da gest\u00e3o de Jair Bolsonaro: escapar da polariza\u00e7\u00e3o que restringe o pa\u00eds a dois lados antag\u00f4nicos que n\u00e3o dialogam e bloqueiam qualquer debate racional sobre os problemas a combater e as solu\u00e7\u00f5es a encontrar. <\/p>\n\n\n\n<figure class=\"wp-block-gallery columns-1 is-cropped wp-block-gallery-1 is-layout-flex wp-block-gallery-is-layout-flex\"><ul class=\"blocks-gallery-grid\"><li class=\"blocks-gallery-item\"><figure><img loading=\"lazy\" decoding=\"async\" width=\"600\" height=\"473\" src=\"http:\/\/blogdorogeriogomes.com.br\/wp-content\/uploads\/2020\/05\/cirolivro_alo_alo_bahia.png\" alt=\"\" data-id=\"16908\" data-full-url=\"http:\/\/blogdorogeriogomes.com.br\/wp-content\/uploads\/2020\/05\/cirolivro_alo_alo_bahia.png\" data-link=\"http:\/\/blogdorogeriogomes.com.br\/?attachment_id=16908\" class=\"wp-image-16908\" srcset=\"https:\/\/blogdorogeriogomes.com.br\/noticias\/wp-content\/uploads\/2020\/05\/cirolivro_alo_alo_bahia.png 600w, https:\/\/blogdorogeriogomes.com.br\/noticias\/wp-content\/uploads\/2020\/05\/cirolivro_alo_alo_bahia-300x237.png 300w\" sizes=\"auto, (max-width: 600px) 100vw, 600px\" \/><\/figure><\/li><\/ul><\/figure>\n\n\n\n<p><\/p>\n\n\n\n<p><\/p>\n\n\n\n<p><\/p>\n","protected":false},"excerpt":{"rendered":"<p>O ex-ministro Ciro Gomes (PDT) lan\u00e7a o livro Projeto Nacional: O dever da esperan\u00e7a, neste s\u00e1bado, dia 30 de maio. O lan\u00e7amento ser\u00e1, \u00e0s 17 horas, em live nos canais do autor e da editora LeYa Brasil no YouTube. Em conversa com a jornalista Mara Luquet, Ciro vai apresentar a nova obra, que define como sua \u201ccontribui\u00e7\u00e3o pessoal a uma reflex\u00e3o inadi\u00e1vel sobre o Brasil, as ra\u00edzes de seus graves problemas e as pistas para sua solu\u00e7\u00e3o\u201d. A frase,&hellip;<\/p>\n","protected":false},"author":1,"featured_media":16908,"comment_status":"open","ping_status":"open","sticky":false,"template":"","format":"standard","meta":{"footnotes":""},"categories":[1],"tags":[],"class_list":["post-16907","post","type-post","status-publish","format-standard","has-post-thumbnail","hentry","category-noticias"],"_links":{"self":[{"href":"https:\/\/blogdorogeriogomes.com.br\/noticias\/wp-json\/wp\/v2\/posts\/16907","targetHints":{"allow":["GET"]}}],"collection":[{"href":"https:\/\/blogdorogeriogomes.com.br\/noticias\/wp-json\/wp\/v2\/posts"}],"about":[{"href":"https:\/\/blogdorogeriogomes.com.br\/noticias\/wp-json\/wp\/v2\/types\/post"}],"author":[{"embeddable":true,"href":"https:\/\/blogdorogeriogomes.com.br\/noticias\/wp-json\/wp\/v2\/users\/1"}],"replies":[{"embeddable":true,"href":"https:\/\/blogdorogeriogomes.com.br\/noticias\/wp-json\/wp\/v2\/comments?post=16907"}],"version-history":[{"count":1,"href":"https:\/\/blogdorogeriogomes.com.br\/noticias\/wp-json\/wp\/v2\/posts\/16907\/revisions"}],"predecessor-version":[{"id":16909,"href":"https:\/\/blogdorogeriogomes.com.br\/noticias\/wp-json\/wp\/v2\/posts\/16907\/revisions\/16909"}],"wp:featuredmedia":[{"embeddable":true,"href":"https:\/\/blogdorogeriogomes.com.br\/noticias\/wp-json\/wp\/v2\/media\/16908"}],"wp:attachment":[{"href":"https:\/\/blogdorogeriogomes.com.br\/noticias\/wp-json\/wp\/v2\/media?parent=16907"}],"wp:term":[{"taxonomy":"category","embeddable":true,"href":"https:\/\/blogdorogeriogomes.com.br\/noticias\/wp-json\/wp\/v2\/categories?post=16907"},{"taxonomy":"post_tag","embeddable":true,"href":"https:\/\/blogdorogeriogomes.com.br\/noticias\/wp-json\/wp\/v2\/tags?post=16907"}],"curies":[{"name":"wp","href":"https:\/\/api.w.org\/{rel}","templated":true}]}}