{"id":16913,"date":"2020-05-30T11:25:58","date_gmt":"2020-05-30T11:25:58","guid":{"rendered":"http:\/\/blogdorogeriogomes.com.br\/?p=16913"},"modified":"2020-06-01T12:53:53","modified_gmt":"2020-06-01T12:53:53","slug":"eduardo-e-carlos-bolsonaro-estao-na-mira-de-investigacoes-distintas-no-stf","status":"publish","type":"post","link":"https:\/\/blogdorogeriogomes.com.br\/noticias\/2020\/05\/eduardo-e-carlos-bolsonaro-estao-na-mira-de-investigacoes-distintas-no-stf\/","title":{"rendered":"Eduardo e Carlos Bolsonaro est\u00e3o na mira de investiga\u00e7\u00f5es distintas no STF"},"content":{"rendered":"\n<p>Investiga\u00e7\u00f5es no \u00e2mbito do Supremo Tribunal Federal (STF) podem atingir diretamente o n\u00facleo familiar do presidente Jair Bolsonaro. Mais precisamente dois filhos: o deputado federal Eduardo Bolsonaro e o vereador Carlos Bolsonaro. No caso de Eduardo, o ministro do STF, Celso de Mello, enviou nesta sexta-feira, dia 29 de maio, a Augusto Aras, Procurador-Geral da Rep\u00fablica, um pedido para que o deputado federal seja investigado por suposta pr\u00e1tica de crime contra a Seguran\u00e7a Nacional. O filho do presidente da Rep\u00fablica causou pol\u00eamica ao dizer que participa de reuni\u00f5es nas quais, segundo ele, se discute quando um &#8220;momento de ruptura&#8221; dever\u00e1 acontecer no Brasil. De acordo com Eduardo Bolsonaro, n\u00e3o se trata mais de debater &#8220;se&#8221; esta ruptura ocorrer\u00e1, mas, sim, &#8220;quando&#8221;.<\/p>\n\n\n\n<p>J\u00e1 Carlos Bolsonaro \u00e9 apontado como o comandante do chamado &#8220;Gabinete do \u00d3dio&#8221;, que funcionaria no Pal\u00e1cio do Planalto e seria respons\u00e1vel pela dissemina\u00e7\u00e3o de fake news nas redes sociais, com agress\u00f5es e amea\u00e7as contra v\u00e1rias autoridades p\u00fablicas. O vereador \u00e9 alvo nas investiga\u00e7\u00f5es do inqu\u00e9rito sobre fake news no STF, que tem \u00e0 frente o ministro Alexandre de Moraes. Nesta semana, pol\u00edticos e blogueiros ligados \u00e0 fam\u00edlia Bolsonaro foram alvos de mandados de busca e apreens\u00e3o.<\/p>\n\n\n\n<figure class=\"wp-block-gallery columns-1 is-cropped wp-block-gallery-1 is-layout-flex wp-block-gallery-is-layout-flex\"><ul class=\"blocks-gallery-grid\"><li class=\"blocks-gallery-item\"><figure><img loading=\"lazy\" decoding=\"async\" width=\"550\" height=\"350\" src=\"http:\/\/blogdorogeriogomes.com.br\/wp-content\/uploads\/2020\/05\/images-6-4.jpeg\" alt=\"\" data-id=\"16914\" data-full-url=\"http:\/\/blogdorogeriogomes.com.br\/wp-content\/uploads\/2020\/05\/images-6-4.jpeg\" data-link=\"http:\/\/blogdorogeriogomes.com.br\/?attachment_id=16914\" class=\"wp-image-16914\" srcset=\"https:\/\/blogdorogeriogomes.com.br\/noticias\/wp-content\/uploads\/2020\/05\/images-6-4.jpeg 550w, https:\/\/blogdorogeriogomes.com.br\/noticias\/wp-content\/uploads\/2020\/05\/images-6-4-300x191.jpeg 300w\" sizes=\"auto, (max-width: 550px) 100vw, 550px\" \/><\/figure><\/li><\/ul><\/figure>\n","protected":false},"excerpt":{"rendered":"<p>Investiga\u00e7\u00f5es no \u00e2mbito do Supremo Tribunal Federal (STF) podem atingir diretamente o n\u00facleo familiar do presidente Jair Bolsonaro. Mais precisamente dois filhos: o deputado federal Eduardo Bolsonaro e o vereador Carlos Bolsonaro. No caso de Eduardo, o ministro do STF, Celso de Mello, enviou nesta sexta-feira, dia 29 de maio, a Augusto Aras, Procurador-Geral da Rep\u00fablica, um pedido para que o deputado federal seja investigado por suposta pr\u00e1tica de crime contra a Seguran\u00e7a Nacional. O filho do presidente da&hellip;<\/p>\n","protected":false},"author":1,"featured_media":16914,"comment_status":"open","ping_status":"open","sticky":false,"template":"","format":"standard","meta":{"footnotes":""},"categories":[1],"tags":[],"class_list":["post-16913","post","type-post","status-publish","format-standard","has-post-thumbnail","hentry","category-noticias"],"_links":{"self":[{"href":"https:\/\/blogdorogeriogomes.com.br\/noticias\/wp-json\/wp\/v2\/posts\/16913","targetHints":{"allow":["GET"]}}],"collection":[{"href":"https:\/\/blogdorogeriogomes.com.br\/noticias\/wp-json\/wp\/v2\/posts"}],"about":[{"href":"https:\/\/blogdorogeriogomes.com.br\/noticias\/wp-json\/wp\/v2\/types\/post"}],"author":[{"embeddable":true,"href":"https:\/\/blogdorogeriogomes.com.br\/noticias\/wp-json\/wp\/v2\/users\/1"}],"replies":[{"embeddable":true,"href":"https:\/\/blogdorogeriogomes.com.br\/noticias\/wp-json\/wp\/v2\/comments?post=16913"}],"version-history":[{"count":1,"href":"https:\/\/blogdorogeriogomes.com.br\/noticias\/wp-json\/wp\/v2\/posts\/16913\/revisions"}],"predecessor-version":[{"id":16915,"href":"https:\/\/blogdorogeriogomes.com.br\/noticias\/wp-json\/wp\/v2\/posts\/16913\/revisions\/16915"}],"wp:featuredmedia":[{"embeddable":true,"href":"https:\/\/blogdorogeriogomes.com.br\/noticias\/wp-json\/wp\/v2\/media\/16914"}],"wp:attachment":[{"href":"https:\/\/blogdorogeriogomes.com.br\/noticias\/wp-json\/wp\/v2\/media?parent=16913"}],"wp:term":[{"taxonomy":"category","embeddable":true,"href":"https:\/\/blogdorogeriogomes.com.br\/noticias\/wp-json\/wp\/v2\/categories?post=16913"},{"taxonomy":"post_tag","embeddable":true,"href":"https:\/\/blogdorogeriogomes.com.br\/noticias\/wp-json\/wp\/v2\/tags?post=16913"}],"curies":[{"name":"wp","href":"https:\/\/api.w.org\/{rel}","templated":true}]}}