{"id":16919,"date":"2020-06-01T10:41:34","date_gmt":"2020-06-01T10:41:34","guid":{"rendered":"http:\/\/blogdorogeriogomes.com.br\/?p=16919"},"modified":"2020-06-01T12:53:30","modified_gmt":"2020-06-01T12:53:30","slug":"quadra-chuvosa-de-2020-termina-no-ceara-com-bom-aporte-dos-acudes-e-precipitacoes-acima-da-media","status":"publish","type":"post","link":"https:\/\/blogdorogeriogomes.com.br\/noticias\/2020\/06\/quadra-chuvosa-de-2020-termina-no-ceara-com-bom-aporte-dos-acudes-e-precipitacoes-acima-da-media\/","title":{"rendered":"Quadra chuvosa de 2020 termina no Cear\u00e1 com bom aporte dos a\u00e7udes e precipita\u00e7\u00f5es acima da m\u00e9dia"},"content":{"rendered":"\n<p>A quadra chuvosa oficial no Cear\u00e1 terminou neste domingo, dia 31 de maio. O balan\u00e7o da Funceme mostra que as chuvas ficaram acima da m\u00e9dia hist\u00f3rica. Foram mais de 730 mil\u00edmetros nos \u00faltimos quatro meses. O melhor resultado desde 2009. O Cear\u00e1 deve alcan\u00e7ar uma safra de 637.787 toneladas de cereais, leguminosas e oleaginosas em 2020, crescimento de 12,96% em rela\u00e7\u00e3o a 2019.<\/p>\n\n\n\n<p>Embora algumas \u00e1reas isoladas possam n\u00e3o ter sido t\u00e3o beneficiadas pelas chuvas, de um modo geral, diferentemente do observado nos \u00faltimos anos, as precipita\u00e7\u00f5es foram melhor distribu\u00eddas no Estado&#8221;, disse Meiry Sakamoto, gerente de Meteorologia da Funceme. <\/p>\n\n\n\n<p>As chuvas de 2020 garantiram recarga \u00e0 maioria dos reservat\u00f3rios cearenses. Os tr\u00eas maiores a\u00e7udes do Cear\u00e1, Castanh\u00e3o, Banabui\u00fa e Or\u00f3s ganharam aportes. O Castanh\u00e3o acumula agora 15,97%, o Banabui\u00fa 13,58% e o a\u00e7ude Or\u00f3s 27,96%.<\/p>\n\n\n\n<figure class=\"wp-block-gallery columns-1 is-cropped wp-block-gallery-1 is-layout-flex wp-block-gallery-is-layout-flex\"><ul class=\"blocks-gallery-grid\"><li class=\"blocks-gallery-item\"><figure><img loading=\"lazy\" decoding=\"async\" width=\"600\" height=\"456\" src=\"http:\/\/blogdorogeriogomes.com.br\/wp-content\/uploads\/2020\/06\/images-7.jpeg\" alt=\"\" data-id=\"16920\" data-full-url=\"http:\/\/blogdorogeriogomes.com.br\/wp-content\/uploads\/2020\/06\/images-7.jpeg\" data-link=\"http:\/\/blogdorogeriogomes.com.br\/?attachment_id=16920\" class=\"wp-image-16920\" srcset=\"https:\/\/blogdorogeriogomes.com.br\/noticias\/wp-content\/uploads\/2020\/06\/images-7.jpeg 600w, https:\/\/blogdorogeriogomes.com.br\/noticias\/wp-content\/uploads\/2020\/06\/images-7-300x228.jpeg 300w, https:\/\/blogdorogeriogomes.com.br\/noticias\/wp-content\/uploads\/2020\/06\/images-7-180x138.jpeg 180w\" sizes=\"auto, (max-width: 600px) 100vw, 600px\" \/><\/figure><\/li><\/ul><\/figure>\n","protected":false},"excerpt":{"rendered":"<p>A quadra chuvosa oficial no Cear\u00e1 terminou neste domingo, dia 31 de maio. O balan\u00e7o da Funceme mostra que as chuvas ficaram acima da m\u00e9dia hist\u00f3rica. Foram mais de 730 mil\u00edmetros nos \u00faltimos quatro meses. O melhor resultado desde 2009. O Cear\u00e1 deve alcan\u00e7ar uma safra de 637.787 toneladas de cereais, leguminosas e oleaginosas em 2020, crescimento de 12,96% em rela\u00e7\u00e3o a 2019. Embora algumas \u00e1reas isoladas possam n\u00e3o ter sido t\u00e3o beneficiadas pelas chuvas, de um modo geral,&hellip;<\/p>\n","protected":false},"author":1,"featured_media":16920,"comment_status":"open","ping_status":"open","sticky":false,"template":"","format":"standard","meta":{"footnotes":""},"categories":[1],"tags":[],"class_list":["post-16919","post","type-post","status-publish","format-standard","has-post-thumbnail","hentry","category-noticias"],"_links":{"self":[{"href":"https:\/\/blogdorogeriogomes.com.br\/noticias\/wp-json\/wp\/v2\/posts\/16919","targetHints":{"allow":["GET"]}}],"collection":[{"href":"https:\/\/blogdorogeriogomes.com.br\/noticias\/wp-json\/wp\/v2\/posts"}],"about":[{"href":"https:\/\/blogdorogeriogomes.com.br\/noticias\/wp-json\/wp\/v2\/types\/post"}],"author":[{"embeddable":true,"href":"https:\/\/blogdorogeriogomes.com.br\/noticias\/wp-json\/wp\/v2\/users\/1"}],"replies":[{"embeddable":true,"href":"https:\/\/blogdorogeriogomes.com.br\/noticias\/wp-json\/wp\/v2\/comments?post=16919"}],"version-history":[{"count":2,"href":"https:\/\/blogdorogeriogomes.com.br\/noticias\/wp-json\/wp\/v2\/posts\/16919\/revisions"}],"predecessor-version":[{"id":16922,"href":"https:\/\/blogdorogeriogomes.com.br\/noticias\/wp-json\/wp\/v2\/posts\/16919\/revisions\/16922"}],"wp:featuredmedia":[{"embeddable":true,"href":"https:\/\/blogdorogeriogomes.com.br\/noticias\/wp-json\/wp\/v2\/media\/16920"}],"wp:attachment":[{"href":"https:\/\/blogdorogeriogomes.com.br\/noticias\/wp-json\/wp\/v2\/media?parent=16919"}],"wp:term":[{"taxonomy":"category","embeddable":true,"href":"https:\/\/blogdorogeriogomes.com.br\/noticias\/wp-json\/wp\/v2\/categories?post=16919"},{"taxonomy":"post_tag","embeddable":true,"href":"https:\/\/blogdorogeriogomes.com.br\/noticias\/wp-json\/wp\/v2\/tags?post=16919"}],"curies":[{"name":"wp","href":"https:\/\/api.w.org\/{rel}","templated":true}]}}