{"id":16923,"date":"2020-06-01T11:23:48","date_gmt":"2020-06-01T11:23:48","guid":{"rendered":"http:\/\/blogdorogeriogomes.com.br\/?p=16923"},"modified":"2020-06-01T12:53:19","modified_gmt":"2020-06-01T12:53:19","slug":"enquanto-jair-bolsonaro-insiste-em-protestos-contra-stf-e-congresso-torcidas-organizadas-de-sao-paulo-se-unem-na-defesa-pela-democracia","status":"publish","type":"post","link":"https:\/\/blogdorogeriogomes.com.br\/noticias\/2020\/06\/enquanto-jair-bolsonaro-insiste-em-protestos-contra-stf-e-congresso-torcidas-organizadas-de-sao-paulo-se-unem-na-defesa-pela-democracia\/","title":{"rendered":"Enquanto Jair Bolsonaro insiste em protestos contra STF e Congresso, torcidas organizadas de S\u00e3o Paulo se unem na defesa pela democracia"},"content":{"rendered":"\n<p>A insist\u00eancia do presidente Jair Bolsonaro de apoiar e participar de protestos antidemocr\u00e1ticos que defendem a volta ditadura, fechamento do STF e do Congresso, torcidas organizadas de S\u00e3o Paulo se uniram para reagir na defesa da democracia no Pa\u00eds. Torcedores de diversos grupos organizados dos quatro clubes paulistas mais tradicionais &#8211; Corinthians, Palmeiras, Santos e S\u00e3o Paulo &#8211; ocuparam parte da avenida Paulista durante a tarde deste domingo, dia 31 de maio, e enfrentaram manifestantes favor\u00e1veis a Bolsonaro, que portavam bandeiras neonazistas.<\/p>\n\n\n\n<p>&#8220;Nossa ideia agora \u00e9 ser um &#8216;gatilho de p\u00f3lvora&#8217;. \u00c9 riscar o primeiro f\u00f3sforo, j\u00e1 que os partidos de oposi\u00e7\u00e3o e movimentos populares n\u00e3o se manifestam. Entendemos que tem pandemia, mas chega uma hora que temos que mostrar que o povo quer democracia. N\u00f3s somos 70%. N\u00e3o \u00e9 poss\u00edvel que 30% v\u00e3o impor vontade de ditadura militar&#8221;, destacou Chico Malfitani, um dos fundadores da torcida Gavi\u00f5es de Fiel.<\/p>\n\n\n\n<p>Enquanto isso, em Bras\u00edlia, o presidente Jair Bolsonaro voltou a participar de manifesta\u00e7\u00e3o \u00e0 favor da ditadura militar com uso de helic\u00f3ptero e at\u00e9 de cavalos. A\u00e7\u00e3o condenada pelo ministro do STF, Gilmar Mendes. &#8220;Acho tudo isso preocupante e j\u00e1 tive at\u00e9 oportunidade de dizer ao pr\u00f3prio presidente da Rep\u00fablica que me parecia extremamente inadequado ele participar de manifesta\u00e7\u00f5es que clamavam pelo fechamento do Congresso, do STF e por qualquer medida antidemocr\u00e1tica&#8221;, disse Gilmar Mendes.<\/p>\n\n\n\n<p>O pior em todo esse cen\u00e1rio \u00e9 a insensibilidade do chefe da Na\u00e7\u00e3o diante do aumento de mortes pela Covid-19. O Brasil ultrapassou a marca de 500 mil casos de coronav\u00edrus neste domingo e registrou 480 novas mortes, de acordo com os dados informados pelo Minist\u00e9rio da Sa\u00fade. Foram reportados 16.409 novos casos em 24 horas, levando o total de infec\u00e7\u00f5es no pa\u00eds a 514.849. O Brasil \u00e9 o segundo pa\u00eds com maior n\u00famero de casos de coronav\u00edrus, atr\u00e1s apenas dos Estados Unidos com mais de 1,7 milh\u00e3o de infec\u00e7\u00f5es.<\/p>\n\n\n\n<figure class=\"wp-block-gallery columns-1 is-cropped wp-block-gallery-1 is-layout-flex wp-block-gallery-is-layout-flex\"><ul class=\"blocks-gallery-grid\"><li class=\"blocks-gallery-item\"><figure><img loading=\"lazy\" decoding=\"async\" width=\"679\" height=\"452\" src=\"http:\/\/blogdorogeriogomes.com.br\/wp-content\/uploads\/2020\/06\/images-10.jpeg\" alt=\"\" data-id=\"16924\" data-full-url=\"http:\/\/blogdorogeriogomes.com.br\/wp-content\/uploads\/2020\/06\/images-10.jpeg\" data-link=\"http:\/\/blogdorogeriogomes.com.br\/?attachment_id=16924\" class=\"wp-image-16924\" srcset=\"https:\/\/blogdorogeriogomes.com.br\/noticias\/wp-content\/uploads\/2020\/06\/images-10.jpeg 679w, https:\/\/blogdorogeriogomes.com.br\/noticias\/wp-content\/uploads\/2020\/06\/images-10-300x200.jpeg 300w\" sizes=\"auto, (max-width: 679px) 100vw, 679px\" \/><\/figure><\/li><\/ul><\/figure>\n\n\n\n<p><\/p>\n","protected":false},"excerpt":{"rendered":"<p>A insist\u00eancia do presidente Jair Bolsonaro de apoiar e participar de protestos antidemocr\u00e1ticos que defendem a volta ditadura, fechamento do STF e do Congresso, torcidas organizadas de S\u00e3o Paulo se uniram para reagir na defesa da democracia no Pa\u00eds. Torcedores de diversos grupos organizados dos quatro clubes paulistas mais tradicionais &#8211; Corinthians, Palmeiras, Santos e S\u00e3o Paulo &#8211; ocuparam parte da avenida Paulista durante a tarde deste domingo, dia 31 de maio, e enfrentaram manifestantes favor\u00e1veis a Bolsonaro, que&hellip;<\/p>\n","protected":false},"author":1,"featured_media":16924,"comment_status":"open","ping_status":"open","sticky":false,"template":"","format":"standard","meta":{"footnotes":""},"categories":[1],"tags":[],"class_list":["post-16923","post","type-post","status-publish","format-standard","has-post-thumbnail","hentry","category-noticias"],"_links":{"self":[{"href":"https:\/\/blogdorogeriogomes.com.br\/noticias\/wp-json\/wp\/v2\/posts\/16923","targetHints":{"allow":["GET"]}}],"collection":[{"href":"https:\/\/blogdorogeriogomes.com.br\/noticias\/wp-json\/wp\/v2\/posts"}],"about":[{"href":"https:\/\/blogdorogeriogomes.com.br\/noticias\/wp-json\/wp\/v2\/types\/post"}],"author":[{"embeddable":true,"href":"https:\/\/blogdorogeriogomes.com.br\/noticias\/wp-json\/wp\/v2\/users\/1"}],"replies":[{"embeddable":true,"href":"https:\/\/blogdorogeriogomes.com.br\/noticias\/wp-json\/wp\/v2\/comments?post=16923"}],"version-history":[{"count":1,"href":"https:\/\/blogdorogeriogomes.com.br\/noticias\/wp-json\/wp\/v2\/posts\/16923\/revisions"}],"predecessor-version":[{"id":16925,"href":"https:\/\/blogdorogeriogomes.com.br\/noticias\/wp-json\/wp\/v2\/posts\/16923\/revisions\/16925"}],"wp:featuredmedia":[{"embeddable":true,"href":"https:\/\/blogdorogeriogomes.com.br\/noticias\/wp-json\/wp\/v2\/media\/16924"}],"wp:attachment":[{"href":"https:\/\/blogdorogeriogomes.com.br\/noticias\/wp-json\/wp\/v2\/media?parent=16923"}],"wp:term":[{"taxonomy":"category","embeddable":true,"href":"https:\/\/blogdorogeriogomes.com.br\/noticias\/wp-json\/wp\/v2\/categories?post=16923"},{"taxonomy":"post_tag","embeddable":true,"href":"https:\/\/blogdorogeriogomes.com.br\/noticias\/wp-json\/wp\/v2\/tags?post=16923"}],"curies":[{"name":"wp","href":"https:\/\/api.w.org\/{rel}","templated":true}]}}