{"id":16933,"date":"2020-06-01T23:29:58","date_gmt":"2020-06-01T23:29:58","guid":{"rendered":"http:\/\/blogdorogeriogomes.com.br\/?p=16933"},"modified":"2020-06-02T11:22:21","modified_gmt":"2020-06-02T11:22:21","slug":"governo-do-ceara-confirma-a-chegada-de-mais-300-respiradores-da-china-ate-o-fim-de-semana","status":"publish","type":"post","link":"https:\/\/blogdorogeriogomes.com.br\/noticias\/2020\/06\/governo-do-ceara-confirma-a-chegada-de-mais-300-respiradores-da-china-ate-o-fim-de-semana\/","title":{"rendered":"Governo do Cear\u00e1 confirma a chegada de mais 300 respiradores da China at\u00e9 o fim de semana"},"content":{"rendered":"\n<p>O Governo do Cear\u00e1 aguarda at\u00e9 o pr\u00f3ximo fim de semana a chegada de mais 300 respiradores artificiais comprados da China. \u201cChegamos a 2.648 novos leitos em todo o Estado, exclusivos para pacientes com o Covid-19. Desse total, 1.892 s\u00e3o enfermarias e 756 UTIs. No final de semana j\u00e1 chegaram 31 novos respiradores e at\u00e9 o final dessa semana deveremos receber mais 300 da China\u201d, afirmou o governador Camilo Santana. Os equipamentos devem fortalecer o atendimento, principalmente, em cidades do interior do Estado onde a doen\u00e7a tem chegado agora com mais for\u00e7a.<\/p>\n\n\n\n<p>A partir desta ter\u00e7a-feira, dia 2 de junho, a Secretaria de Sa\u00fade do Estado inicia em parceria com a Prefeitura de Fortaleza e a Federa\u00e7\u00e3o das Ind\u00fastrias do Estado do Cear\u00e1 (FIEC), uma pesquisa viral para realizar 9.900 testes r\u00e1pidos na Capital cearense, epicentro da pandemia no Estado. Essa testagem em massa ser\u00e1 dividida em tr\u00eas fases, cada uma ter\u00e3o 3.300 testes, com profissionais da sa\u00fade coletando em 39 diferentes bairros de Fortaleza.<\/p>\n\n\n\n<p>O n\u00famero de casos confirmados da Covid-19 chegou a 50.504 no Cear\u00e1, nesta ter\u00e7a-feira, de acordo com o boletim da Secretaria da Sa\u00fade do Estado. J\u00e1 as mortes somam 3.188 em todos os munic\u00edpios cearenses.<\/p>\n\n\n\n<figure class=\"wp-block-gallery columns-1 is-cropped wp-block-gallery-1 is-layout-flex wp-block-gallery-is-layout-flex\"><ul class=\"blocks-gallery-grid\"><li class=\"blocks-gallery-item\"><figure><img loading=\"lazy\" decoding=\"async\" width=\"1024\" height=\"684\" src=\"http:\/\/blogdorogeriogomes.com.br\/wp-content\/uploads\/2020\/06\/200530_CHEGADA-E-DISTRIBUICAO-RESPIRADORES-_CGM7116-1200x802-1-1024x684.jpg\" alt=\"\" data-id=\"16934\" data-full-url=\"http:\/\/blogdorogeriogomes.com.br\/wp-content\/uploads\/2020\/06\/200530_CHEGADA-E-DISTRIBUICAO-RESPIRADORES-_CGM7116-1200x802-1.jpg\" data-link=\"http:\/\/blogdorogeriogomes.com.br\/?attachment_id=16934\" class=\"wp-image-16934\" srcset=\"https:\/\/blogdorogeriogomes.com.br\/noticias\/wp-content\/uploads\/2020\/06\/200530_CHEGADA-E-DISTRIBUICAO-RESPIRADORES-_CGM7116-1200x802-1-1024x684.jpg 1024w, https:\/\/blogdorogeriogomes.com.br\/noticias\/wp-content\/uploads\/2020\/06\/200530_CHEGADA-E-DISTRIBUICAO-RESPIRADORES-_CGM7116-1200x802-1-300x201.jpg 300w, https:\/\/blogdorogeriogomes.com.br\/noticias\/wp-content\/uploads\/2020\/06\/200530_CHEGADA-E-DISTRIBUICAO-RESPIRADORES-_CGM7116-1200x802-1-768x513.jpg 768w, https:\/\/blogdorogeriogomes.com.br\/noticias\/wp-content\/uploads\/2020\/06\/200530_CHEGADA-E-DISTRIBUICAO-RESPIRADORES-_CGM7116-1200x802-1-800x535.jpg 800w, https:\/\/blogdorogeriogomes.com.br\/noticias\/wp-content\/uploads\/2020\/06\/200530_CHEGADA-E-DISTRIBUICAO-RESPIRADORES-_CGM7116-1200x802-1.jpg 1200w\" sizes=\"auto, (max-width: 1024px) 100vw, 1024px\" \/><\/figure><\/li><\/ul><\/figure>\n","protected":false},"excerpt":{"rendered":"<p>O Governo do Cear\u00e1 aguarda at\u00e9 o pr\u00f3ximo fim de semana a chegada de mais 300 respiradores artificiais comprados da China. \u201cChegamos a 2.648 novos leitos em todo o Estado, exclusivos para pacientes com o Covid-19. Desse total, 1.892 s\u00e3o enfermarias e 756 UTIs. No final de semana j\u00e1 chegaram 31 novos respiradores e at\u00e9 o final dessa semana deveremos receber mais 300 da China\u201d, afirmou o governador Camilo Santana. Os equipamentos devem fortalecer o atendimento, principalmente, em cidades&hellip;<\/p>\n","protected":false},"author":1,"featured_media":16934,"comment_status":"open","ping_status":"open","sticky":false,"template":"","format":"standard","meta":{"footnotes":""},"categories":[1],"tags":[],"class_list":["post-16933","post","type-post","status-publish","format-standard","has-post-thumbnail","hentry","category-noticias"],"_links":{"self":[{"href":"https:\/\/blogdorogeriogomes.com.br\/noticias\/wp-json\/wp\/v2\/posts\/16933","targetHints":{"allow":["GET"]}}],"collection":[{"href":"https:\/\/blogdorogeriogomes.com.br\/noticias\/wp-json\/wp\/v2\/posts"}],"about":[{"href":"https:\/\/blogdorogeriogomes.com.br\/noticias\/wp-json\/wp\/v2\/types\/post"}],"author":[{"embeddable":true,"href":"https:\/\/blogdorogeriogomes.com.br\/noticias\/wp-json\/wp\/v2\/users\/1"}],"replies":[{"embeddable":true,"href":"https:\/\/blogdorogeriogomes.com.br\/noticias\/wp-json\/wp\/v2\/comments?post=16933"}],"version-history":[{"count":1,"href":"https:\/\/blogdorogeriogomes.com.br\/noticias\/wp-json\/wp\/v2\/posts\/16933\/revisions"}],"predecessor-version":[{"id":16935,"href":"https:\/\/blogdorogeriogomes.com.br\/noticias\/wp-json\/wp\/v2\/posts\/16933\/revisions\/16935"}],"wp:featuredmedia":[{"embeddable":true,"href":"https:\/\/blogdorogeriogomes.com.br\/noticias\/wp-json\/wp\/v2\/media\/16934"}],"wp:attachment":[{"href":"https:\/\/blogdorogeriogomes.com.br\/noticias\/wp-json\/wp\/v2\/media?parent=16933"}],"wp:term":[{"taxonomy":"category","embeddable":true,"href":"https:\/\/blogdorogeriogomes.com.br\/noticias\/wp-json\/wp\/v2\/categories?post=16933"},{"taxonomy":"post_tag","embeddable":true,"href":"https:\/\/blogdorogeriogomes.com.br\/noticias\/wp-json\/wp\/v2\/tags?post=16933"}],"curies":[{"name":"wp","href":"https:\/\/api.w.org\/{rel}","templated":true}]}}