{"id":16936,"date":"2020-06-01T23:46:34","date_gmt":"2020-06-01T23:46:34","guid":{"rendered":"http:\/\/blogdorogeriogomes.com.br\/?p=16936"},"modified":"2020-06-02T11:21:37","modified_gmt":"2020-06-02T11:21:37","slug":"plenario-do-stf-vai-julgar-validade-do-inquerito-das-fake-news-no-dia-10-de-junho","status":"publish","type":"post","link":"https:\/\/blogdorogeriogomes.com.br\/noticias\/2020\/06\/plenario-do-stf-vai-julgar-validade-do-inquerito-das-fake-news-no-dia-10-de-junho\/","title":{"rendered":"Plen\u00e1rio do STF vai julgar validade do inqu\u00e9rito das fake news no dia 10 de junho"},"content":{"rendered":"\n<p>O plen\u00e1rio do Supremo Tribunal Federal (STF) vai julgar no pr\u00f3ximo dia 10 de junho uma a\u00e7\u00e3o movida pela Rede Sustentabilidade que questiona a validade do inqu\u00e9rito das fake news. A data marca a volta do presidente da Corte, Dias Toffoli, que ainda est\u00e1 em licen\u00e7a m\u00e9dica. Na semana passada, o ministro Edson Fachin, relator da a\u00e7\u00e3o da Rede, havia pedido que o processo fosse pautado pela presid\u00eancia do STF.<\/p>\n\n\n\n<p>Nesta segunda-feira, dia 1\u00b0 de junho, o procurador-geral da Rep\u00fablica, Augusto Aras, concordou com o pedido da Pol\u00edcia Federal para prorrogar por 30 dias as investiga\u00e7\u00f5es do inqu\u00e9rito sobre uma suposta interfer\u00eancia de Jair Bolsonaro na PF. O pedido de prorrogar as investiga\u00e7\u00f5es foi feito pela delegada Christine Machado ao Supremo Tribunal Federal (STF). O relator, ministro Celso de Mello, solicitou que a PGR se manifestasse sobre o assunto.<\/p>\n\n\n\n<figure class=\"wp-block-gallery columns-1 is-cropped wp-block-gallery-1 is-layout-flex wp-block-gallery-is-layout-flex\"><ul class=\"blocks-gallery-grid\"><li class=\"blocks-gallery-item\"><figure><img loading=\"lazy\" decoding=\"async\" width=\"679\" height=\"452\" src=\"http:\/\/blogdorogeriogomes.com.br\/wp-content\/uploads\/2020\/06\/images-15.jpeg\" alt=\"\" data-id=\"16937\" data-full-url=\"http:\/\/blogdorogeriogomes.com.br\/wp-content\/uploads\/2020\/06\/images-15.jpeg\" data-link=\"http:\/\/blogdorogeriogomes.com.br\/?attachment_id=16937\" class=\"wp-image-16937\" srcset=\"https:\/\/blogdorogeriogomes.com.br\/noticias\/wp-content\/uploads\/2020\/06\/images-15.jpeg 679w, https:\/\/blogdorogeriogomes.com.br\/noticias\/wp-content\/uploads\/2020\/06\/images-15-300x200.jpeg 300w\" sizes=\"auto, (max-width: 679px) 100vw, 679px\" \/><\/figure><\/li><\/ul><\/figure>\n\n\n\n<p><\/p>\n\n\n\n<p><\/p>\n\n\n\n<p><\/p>\n","protected":false},"excerpt":{"rendered":"<p>O plen\u00e1rio do Supremo Tribunal Federal (STF) vai julgar no pr\u00f3ximo dia 10 de junho uma a\u00e7\u00e3o movida pela Rede Sustentabilidade que questiona a validade do inqu\u00e9rito das fake news. A data marca a volta do presidente da Corte, Dias Toffoli, que ainda est\u00e1 em licen\u00e7a m\u00e9dica. Na semana passada, o ministro Edson Fachin, relator da a\u00e7\u00e3o da Rede, havia pedido que o processo fosse pautado pela presid\u00eancia do STF. Nesta segunda-feira, dia 1\u00b0 de junho, o procurador-geral da&hellip;<\/p>\n","protected":false},"author":1,"featured_media":16937,"comment_status":"open","ping_status":"open","sticky":false,"template":"","format":"standard","meta":{"footnotes":""},"categories":[1],"tags":[],"class_list":["post-16936","post","type-post","status-publish","format-standard","has-post-thumbnail","hentry","category-noticias"],"_links":{"self":[{"href":"https:\/\/blogdorogeriogomes.com.br\/noticias\/wp-json\/wp\/v2\/posts\/16936","targetHints":{"allow":["GET"]}}],"collection":[{"href":"https:\/\/blogdorogeriogomes.com.br\/noticias\/wp-json\/wp\/v2\/posts"}],"about":[{"href":"https:\/\/blogdorogeriogomes.com.br\/noticias\/wp-json\/wp\/v2\/types\/post"}],"author":[{"embeddable":true,"href":"https:\/\/blogdorogeriogomes.com.br\/noticias\/wp-json\/wp\/v2\/users\/1"}],"replies":[{"embeddable":true,"href":"https:\/\/blogdorogeriogomes.com.br\/noticias\/wp-json\/wp\/v2\/comments?post=16936"}],"version-history":[{"count":1,"href":"https:\/\/blogdorogeriogomes.com.br\/noticias\/wp-json\/wp\/v2\/posts\/16936\/revisions"}],"predecessor-version":[{"id":16938,"href":"https:\/\/blogdorogeriogomes.com.br\/noticias\/wp-json\/wp\/v2\/posts\/16936\/revisions\/16938"}],"wp:featuredmedia":[{"embeddable":true,"href":"https:\/\/blogdorogeriogomes.com.br\/noticias\/wp-json\/wp\/v2\/media\/16937"}],"wp:attachment":[{"href":"https:\/\/blogdorogeriogomes.com.br\/noticias\/wp-json\/wp\/v2\/media?parent=16936"}],"wp:term":[{"taxonomy":"category","embeddable":true,"href":"https:\/\/blogdorogeriogomes.com.br\/noticias\/wp-json\/wp\/v2\/categories?post=16936"},{"taxonomy":"post_tag","embeddable":true,"href":"https:\/\/blogdorogeriogomes.com.br\/noticias\/wp-json\/wp\/v2\/tags?post=16936"}],"curies":[{"name":"wp","href":"https:\/\/api.w.org\/{rel}","templated":true}]}}