{"id":16939,"date":"2020-06-02T10:49:07","date_gmt":"2020-06-02T10:49:07","guid":{"rendered":"http:\/\/blogdorogeriogomes.com.br\/?p=16939"},"modified":"2020-06-02T11:21:21","modified_gmt":"2020-06-02T11:21:21","slug":"prefeitura-de-fortaleza-reforca-bloqueios-e-fiscalizacao-para-evitar-circulacao-de-pessoas-no-centro","status":"publish","type":"post","link":"https:\/\/blogdorogeriogomes.com.br\/noticias\/2020\/06\/prefeitura-de-fortaleza-reforca-bloqueios-e-fiscalizacao-para-evitar-circulacao-de-pessoas-no-centro\/","title":{"rendered":"Prefeitura de Fortaleza refor\u00e7a bloqueios e fiscaliza\u00e7\u00e3o para evitar circula\u00e7\u00e3o de pessoas no Centro"},"content":{"rendered":"\n<p>O primeiro dia do novo decreto governamental, que permitiu o retorno de algumas pessoas ao trabalho em Fortaleza, registrou aumento de movimento no transporte p\u00fablico e tamb\u00e9m no Centro da Capital. A Prefeitura de Fortaleza refor\u00e7a as a\u00e7\u00f5es de bloqueio e fiscaliza\u00e7\u00e3o para evitar o crescimento na circula\u00e7\u00e3o de pessoas.<\/p>\n\n\n\n<p>O acesso ao Centro est\u00e1 bloqueado provisoriamente pela Autarquia Municipal de Tr\u00e2nsito e Cidadania (AMC) para restringir a circula\u00e7\u00e3o de ve\u00edculos e pedestres.&nbsp;A \u00e1rea de fechamento total compreende as ruas S\u00e3o Paulo, Conde D\u2019eu, Assun\u00e7\u00e3o, Pedro I, General Sampaio e Av. Duque de Caxias.&nbsp;<\/p>\n\n\n\n<p>A Ag\u00eancia de Fiscaliza\u00e7\u00e3o de Fortaleza (Agefis) refor\u00e7ou a fiscaliza\u00e7\u00e3o com tr\u00eas equipes volantes e efetivos fixos no entorno de ag\u00eancias banc\u00e1rias. O monitoramento resultou no fechamento de 11 estabelecimentos comerciais abertos irregularmente, na retirada de mais de 40 ambulantes em pra\u00e7as e cal\u00e7adas. A Empresa de Transporte Urbano de Fortaleza (Etufor) informa que 26 linhas est\u00e3o com seu itiner\u00e1rio desviado por causa dos bloqueios no Centro.<\/p>\n\n\n\n<p>Nesta ter\u00e7a-feira, dia 2 de junho, o prefeito Roberto Cl\u00e1udio participa de uma reuni\u00e3o com vereadores da Capital para explicar as a\u00e7\u00f5es desenvolvidas em Fortaleza de combate \u00e0 Covid-19.<\/p>\n\n\n\n<figure class=\"wp-block-gallery columns-1 is-cropped wp-block-gallery-1 is-layout-flex wp-block-gallery-is-layout-flex\"><ul class=\"blocks-gallery-grid\"><li class=\"blocks-gallery-item\"><figure><img loading=\"lazy\" decoding=\"async\" width=\"696\" height=\"390\" src=\"http:\/\/blogdorogeriogomes.com.br\/wp-content\/uploads\/2020\/06\/images-16.jpeg\" alt=\"\" data-id=\"16941\" data-full-url=\"http:\/\/blogdorogeriogomes.com.br\/wp-content\/uploads\/2020\/06\/images-16.jpeg\" data-link=\"http:\/\/blogdorogeriogomes.com.br\/?attachment_id=16941\" class=\"wp-image-16941\" srcset=\"https:\/\/blogdorogeriogomes.com.br\/noticias\/wp-content\/uploads\/2020\/06\/images-16.jpeg 696w, https:\/\/blogdorogeriogomes.com.br\/noticias\/wp-content\/uploads\/2020\/06\/images-16-300x168.jpeg 300w\" sizes=\"auto, (max-width: 696px) 100vw, 696px\" \/><\/figure><\/li><\/ul><\/figure>\n","protected":false},"excerpt":{"rendered":"<p>O primeiro dia do novo decreto governamental, que permitiu o retorno de algumas pessoas ao trabalho em Fortaleza, registrou aumento de movimento no transporte p\u00fablico e tamb\u00e9m no Centro da Capital. A Prefeitura de Fortaleza refor\u00e7a as a\u00e7\u00f5es de bloqueio e fiscaliza\u00e7\u00e3o para evitar o crescimento na circula\u00e7\u00e3o de pessoas. O acesso ao Centro est\u00e1 bloqueado provisoriamente pela Autarquia Municipal de Tr\u00e2nsito e Cidadania (AMC) para restringir a circula\u00e7\u00e3o de ve\u00edculos e pedestres.&nbsp;A \u00e1rea de fechamento total compreende as&hellip;<\/p>\n","protected":false},"author":1,"featured_media":16941,"comment_status":"open","ping_status":"open","sticky":false,"template":"","format":"standard","meta":{"footnotes":""},"categories":[1],"tags":[],"class_list":["post-16939","post","type-post","status-publish","format-standard","has-post-thumbnail","hentry","category-noticias"],"_links":{"self":[{"href":"https:\/\/blogdorogeriogomes.com.br\/noticias\/wp-json\/wp\/v2\/posts\/16939","targetHints":{"allow":["GET"]}}],"collection":[{"href":"https:\/\/blogdorogeriogomes.com.br\/noticias\/wp-json\/wp\/v2\/posts"}],"about":[{"href":"https:\/\/blogdorogeriogomes.com.br\/noticias\/wp-json\/wp\/v2\/types\/post"}],"author":[{"embeddable":true,"href":"https:\/\/blogdorogeriogomes.com.br\/noticias\/wp-json\/wp\/v2\/users\/1"}],"replies":[{"embeddable":true,"href":"https:\/\/blogdorogeriogomes.com.br\/noticias\/wp-json\/wp\/v2\/comments?post=16939"}],"version-history":[{"count":2,"href":"https:\/\/blogdorogeriogomes.com.br\/noticias\/wp-json\/wp\/v2\/posts\/16939\/revisions"}],"predecessor-version":[{"id":16946,"href":"https:\/\/blogdorogeriogomes.com.br\/noticias\/wp-json\/wp\/v2\/posts\/16939\/revisions\/16946"}],"wp:featuredmedia":[{"embeddable":true,"href":"https:\/\/blogdorogeriogomes.com.br\/noticias\/wp-json\/wp\/v2\/media\/16941"}],"wp:attachment":[{"href":"https:\/\/blogdorogeriogomes.com.br\/noticias\/wp-json\/wp\/v2\/media?parent=16939"}],"wp:term":[{"taxonomy":"category","embeddable":true,"href":"https:\/\/blogdorogeriogomes.com.br\/noticias\/wp-json\/wp\/v2\/categories?post=16939"},{"taxonomy":"post_tag","embeddable":true,"href":"https:\/\/blogdorogeriogomes.com.br\/noticias\/wp-json\/wp\/v2\/tags?post=16939"}],"curies":[{"name":"wp","href":"https:\/\/api.w.org\/{rel}","templated":true}]}}