{"id":16948,"date":"2020-06-02T19:34:27","date_gmt":"2020-06-02T19:34:27","guid":{"rendered":"http:\/\/blogdorogeriogomes.com.br\/?p=16948"},"modified":"2020-06-03T15:08:57","modified_gmt":"2020-06-03T15:08:57","slug":"assembleia-legislativa-estuda-retomada-de-trabalhos-e-suspende-recesso-de-julho","status":"publish","type":"post","link":"https:\/\/blogdorogeriogomes.com.br\/noticias\/2020\/06\/assembleia-legislativa-estuda-retomada-de-trabalhos-e-suspende-recesso-de-julho\/","title":{"rendered":"Assembleia Legislativa estuda retomada de trabalhos e suspende recesso de julho"},"content":{"rendered":"\n<p>A Assembleia Legislativa do Cear\u00e1 estuda um plano de retomada das atividades presenciais, que est\u00e3o hoje suspensas por causa da pandemia do coronav\u00edrus. Ainda n\u00e3o h\u00e1 data para o retorno. Tudo vai depender das orienta\u00e7\u00f5es do Governo do Estado. As sess\u00f5es, no entanto, t\u00eam ocorrido de forma virtual. A Mesa Diretora e o Col\u00e9gio de L\u00edderes da Assembleia Legislativa decidiram, nesta ter\u00e7a-feira, dia 2 de junho, suspender o recesso parlamentar do m\u00eas de julho. O objetivo \u00e9 estar \u00e0 disposi\u00e7\u00e3o para aprova\u00e7\u00e3o de mat\u00e9rias emergenciais para o enfrentamento da Covid-19.<\/p>\n\n\n\n<p>Durante a reuni\u00e3o, o presidente da Assembleia, Jos\u00e9 Sarto (PDT), anunciou a convoca\u00e7\u00e3o de sess\u00e3o deliberativa remota para esta quarta-feira, dia 3. Na pauta, est\u00e1 a aprecia\u00e7\u00e3o de mat\u00e9ria que versa sobre a Gratifica\u00e7\u00e3o de Desempenho Institucional (GDI) em caso de servidores da \u00e1rea da sa\u00fade cedidos por outros \u00f3rg\u00e3os ao Estado para atuar na linha de frente contra a pandemia. Trata-se de uma corre\u00e7\u00e3o de mat\u00e9ria j\u00e1 aprovada que n\u00e3o contemplou esses casos. <\/p>\n\n\n\n<p>O encontro tamb\u00e9m foi oportunidade para apresentar aos parlamentares a tecnologia desenvolvida pela Casa para possibilitar a vota\u00e7\u00e3o secreta em sess\u00f5es remotas. Todos os deputados e deputadas ainda participar\u00e3o de treinamento e testes antes do uso efetivo da ferramenta.<\/p>\n\n\n\n<p>O presidente Jos\u00e9 Sarto refor\u00e7ou que a Assembleia est\u00e1 adotando medidas para garantir a preserva\u00e7\u00e3o da sa\u00fade de deputados, servidores e terceirizados, como aquisi\u00e7\u00e3o de m\u00e1scaras, \u00e1lcool em gel, testes r\u00e1pidos e term\u00f4metros infravermelho, al\u00e9m de sinaliza\u00e7\u00e3o, controle de acesso e campanha educativa. Diante da prorroga\u00e7\u00e3o do decreto de isolamento social r\u00edgido, continuam suspensas reuni\u00f5es e atividades presenciais coletivas, bem como servi\u00e7os de atendimento ao p\u00fablico. <\/p>\n\n\n\n<figure class=\"wp-block-gallery columns-1 is-cropped wp-block-gallery-1 is-layout-flex wp-block-gallery-is-layout-flex\"><ul class=\"blocks-gallery-grid\"><li class=\"blocks-gallery-item\"><figure><img loading=\"lazy\" decoding=\"async\" width=\"917\" height=\"720\" src=\"http:\/\/blogdorogeriogomes.com.br\/wp-content\/uploads\/2020\/06\/IMG-20200602-WA0138.jpg\" alt=\"\" data-id=\"16949\" data-full-url=\"http:\/\/blogdorogeriogomes.com.br\/wp-content\/uploads\/2020\/06\/IMG-20200602-WA0138.jpg\" data-link=\"http:\/\/blogdorogeriogomes.com.br\/?attachment_id=16949\" class=\"wp-image-16949\" srcset=\"https:\/\/blogdorogeriogomes.com.br\/noticias\/wp-content\/uploads\/2020\/06\/IMG-20200602-WA0138.jpg 917w, https:\/\/blogdorogeriogomes.com.br\/noticias\/wp-content\/uploads\/2020\/06\/IMG-20200602-WA0138-300x236.jpg 300w, https:\/\/blogdorogeriogomes.com.br\/noticias\/wp-content\/uploads\/2020\/06\/IMG-20200602-WA0138-768x603.jpg 768w, https:\/\/blogdorogeriogomes.com.br\/noticias\/wp-content\/uploads\/2020\/06\/IMG-20200602-WA0138-800x628.jpg 800w\" sizes=\"auto, (max-width: 917px) 100vw, 917px\" \/><\/figure><\/li><\/ul><\/figure>\n\n\n\n<p><\/p>\n","protected":false},"excerpt":{"rendered":"<p>A Assembleia Legislativa do Cear\u00e1 estuda um plano de retomada das atividades presenciais, que est\u00e3o hoje suspensas por causa da pandemia do coronav\u00edrus. Ainda n\u00e3o h\u00e1 data para o retorno. Tudo vai depender das orienta\u00e7\u00f5es do Governo do Estado. As sess\u00f5es, no entanto, t\u00eam ocorrido de forma virtual. A Mesa Diretora e o Col\u00e9gio de L\u00edderes da Assembleia Legislativa decidiram, nesta ter\u00e7a-feira, dia 2 de junho, suspender o recesso parlamentar do m\u00eas de julho. O objetivo \u00e9 estar \u00e0&hellip;<\/p>\n","protected":false},"author":1,"featured_media":16949,"comment_status":"open","ping_status":"open","sticky":false,"template":"","format":"standard","meta":{"footnotes":""},"categories":[1],"tags":[],"class_list":["post-16948","post","type-post","status-publish","format-standard","has-post-thumbnail","hentry","category-noticias"],"_links":{"self":[{"href":"https:\/\/blogdorogeriogomes.com.br\/noticias\/wp-json\/wp\/v2\/posts\/16948","targetHints":{"allow":["GET"]}}],"collection":[{"href":"https:\/\/blogdorogeriogomes.com.br\/noticias\/wp-json\/wp\/v2\/posts"}],"about":[{"href":"https:\/\/blogdorogeriogomes.com.br\/noticias\/wp-json\/wp\/v2\/types\/post"}],"author":[{"embeddable":true,"href":"https:\/\/blogdorogeriogomes.com.br\/noticias\/wp-json\/wp\/v2\/users\/1"}],"replies":[{"embeddable":true,"href":"https:\/\/blogdorogeriogomes.com.br\/noticias\/wp-json\/wp\/v2\/comments?post=16948"}],"version-history":[{"count":1,"href":"https:\/\/blogdorogeriogomes.com.br\/noticias\/wp-json\/wp\/v2\/posts\/16948\/revisions"}],"predecessor-version":[{"id":16950,"href":"https:\/\/blogdorogeriogomes.com.br\/noticias\/wp-json\/wp\/v2\/posts\/16948\/revisions\/16950"}],"wp:featuredmedia":[{"embeddable":true,"href":"https:\/\/blogdorogeriogomes.com.br\/noticias\/wp-json\/wp\/v2\/media\/16949"}],"wp:attachment":[{"href":"https:\/\/blogdorogeriogomes.com.br\/noticias\/wp-json\/wp\/v2\/media?parent=16948"}],"wp:term":[{"taxonomy":"category","embeddable":true,"href":"https:\/\/blogdorogeriogomes.com.br\/noticias\/wp-json\/wp\/v2\/categories?post=16948"},{"taxonomy":"post_tag","embeddable":true,"href":"https:\/\/blogdorogeriogomes.com.br\/noticias\/wp-json\/wp\/v2\/tags?post=16948"}],"curies":[{"name":"wp","href":"https:\/\/api.w.org\/{rel}","templated":true}]}}