{"id":16952,"date":"2020-06-02T20:27:37","date_gmt":"2020-06-02T20:27:37","guid":{"rendered":"http:\/\/blogdorogeriogomes.com.br\/?p=16952"},"modified":"2020-06-03T15:08:49","modified_gmt":"2020-06-03T15:08:49","slug":"industria-cearense-planeja-cenario-de-retomada-apos-liberacao-total-das-atividades-pelo-governo","status":"publish","type":"post","link":"https:\/\/blogdorogeriogomes.com.br\/noticias\/2020\/06\/industria-cearense-planeja-cenario-de-retomada-apos-liberacao-total-das-atividades-pelo-governo\/","title":{"rendered":"Ind\u00fastria cearense planeja cen\u00e1rio de retomada ap\u00f3s libera\u00e7\u00e3o total das atividades pelo Governo"},"content":{"rendered":"\n<p>A ind\u00fastria cearense se movimenta para uma retomada total das atividades dentro do planejamento elaborado pelo Governo do Cear\u00e1. O presidente da Federa\u00e7\u00e3o das Ind\u00fastrias do Estado do Cear\u00e1 (FIEC), Ricardo Cavalcante (foto), comandou nesta ter\u00e7a-feira, dia 2 de junho, a primeira reuni\u00e3o de um Grupo de Trabalho (GT) respons\u00e1vel pela elabora\u00e7\u00e3o de um plano de desenvolvimento da ind\u00fastria cearense no p\u00f3s pandemia. O GT foi criado pelo pr\u00f3prio presidente h\u00e1 15 dias e \u00e9 composto por industriais e economistas cearenses. O objetivo \u00e9 discutir estrat\u00e9gias para o desenvolvimento industrial cearense e em 90 dias apresentar um documento com caminhos para a retomada da atividade econ\u00f4mica e industrial afetadas pela pandemia da Covid-19 . <br>O Grupo de Trabalho ser\u00e1 liderado primeiro vice-presidente da FIEC, Carlos Prado, com a coordena\u00e7\u00e3o do assessor econ\u00f4mico da FIEC, Lauro Chaves Neto. Far\u00e3o parte inicialmente do planejamento o vice-presidente da FIEC, Andr\u00e9 Montenegro, a empres\u00e1ria Annette Castro, o presidente do Centro Industrial do Cear\u00e1 (CIC), Marcos Soares, e o superintendente de Rela\u00e7\u00f5es Institucionais da FIEC, S\u00e9rgio Lopes.<\/p>\n\n\n\n<figure class=\"wp-block-gallery columns-1 is-cropped wp-block-gallery-1 is-layout-flex wp-block-gallery-is-layout-flex\"><ul class=\"blocks-gallery-grid\"><li class=\"blocks-gallery-item\"><figure><img loading=\"lazy\" decoding=\"async\" width=\"534\" height=\"355\" src=\"http:\/\/blogdorogeriogomes.com.br\/wp-content\/uploads\/2020\/06\/FIEC_GT_Economistas.jpeg\" alt=\"\" data-id=\"16953\" data-full-url=\"http:\/\/blogdorogeriogomes.com.br\/wp-content\/uploads\/2020\/06\/FIEC_GT_Economistas.jpeg\" data-link=\"http:\/\/blogdorogeriogomes.com.br\/?attachment_id=16953\" class=\"wp-image-16953\" srcset=\"https:\/\/blogdorogeriogomes.com.br\/noticias\/wp-content\/uploads\/2020\/06\/FIEC_GT_Economistas.jpeg 534w, https:\/\/blogdorogeriogomes.com.br\/noticias\/wp-content\/uploads\/2020\/06\/FIEC_GT_Economistas-300x199.jpeg 300w\" sizes=\"auto, (max-width: 534px) 100vw, 534px\" \/><\/figure><\/li><\/ul><\/figure>\n","protected":false},"excerpt":{"rendered":"<p>A ind\u00fastria cearense se movimenta para uma retomada total das atividades dentro do planejamento elaborado pelo Governo do Cear\u00e1. O presidente da Federa\u00e7\u00e3o das Ind\u00fastrias do Estado do Cear\u00e1 (FIEC), Ricardo Cavalcante (foto), comandou nesta ter\u00e7a-feira, dia 2 de junho, a primeira reuni\u00e3o de um Grupo de Trabalho (GT) respons\u00e1vel pela elabora\u00e7\u00e3o de um plano de desenvolvimento da ind\u00fastria cearense no p\u00f3s pandemia. O GT foi criado pelo pr\u00f3prio presidente h\u00e1 15 dias e \u00e9 composto por industriais e&hellip;<\/p>\n","protected":false},"author":1,"featured_media":16953,"comment_status":"open","ping_status":"open","sticky":false,"template":"","format":"standard","meta":{"footnotes":""},"categories":[1],"tags":[],"class_list":["post-16952","post","type-post","status-publish","format-standard","has-post-thumbnail","hentry","category-noticias"],"_links":{"self":[{"href":"https:\/\/blogdorogeriogomes.com.br\/noticias\/wp-json\/wp\/v2\/posts\/16952","targetHints":{"allow":["GET"]}}],"collection":[{"href":"https:\/\/blogdorogeriogomes.com.br\/noticias\/wp-json\/wp\/v2\/posts"}],"about":[{"href":"https:\/\/blogdorogeriogomes.com.br\/noticias\/wp-json\/wp\/v2\/types\/post"}],"author":[{"embeddable":true,"href":"https:\/\/blogdorogeriogomes.com.br\/noticias\/wp-json\/wp\/v2\/users\/1"}],"replies":[{"embeddable":true,"href":"https:\/\/blogdorogeriogomes.com.br\/noticias\/wp-json\/wp\/v2\/comments?post=16952"}],"version-history":[{"count":1,"href":"https:\/\/blogdorogeriogomes.com.br\/noticias\/wp-json\/wp\/v2\/posts\/16952\/revisions"}],"predecessor-version":[{"id":16954,"href":"https:\/\/blogdorogeriogomes.com.br\/noticias\/wp-json\/wp\/v2\/posts\/16952\/revisions\/16954"}],"wp:featuredmedia":[{"embeddable":true,"href":"https:\/\/blogdorogeriogomes.com.br\/noticias\/wp-json\/wp\/v2\/media\/16953"}],"wp:attachment":[{"href":"https:\/\/blogdorogeriogomes.com.br\/noticias\/wp-json\/wp\/v2\/media?parent=16952"}],"wp:term":[{"taxonomy":"category","embeddable":true,"href":"https:\/\/blogdorogeriogomes.com.br\/noticias\/wp-json\/wp\/v2\/categories?post=16952"},{"taxonomy":"post_tag","embeddable":true,"href":"https:\/\/blogdorogeriogomes.com.br\/noticias\/wp-json\/wp\/v2\/tags?post=16952"}],"curies":[{"name":"wp","href":"https:\/\/api.w.org\/{rel}","templated":true}]}}