{"id":16955,"date":"2020-06-02T23:33:57","date_gmt":"2020-06-02T23:33:57","guid":{"rendered":"http:\/\/blogdorogeriogomes.com.br\/?p=16955"},"modified":"2020-06-03T15:08:41","modified_gmt":"2020-06-03T15:08:41","slug":"ceara-bate-novo-recorde-de-obitos-por-covid-19-em-pouco-mais-de-24-horas-316","status":"publish","type":"post","link":"https:\/\/blogdorogeriogomes.com.br\/noticias\/2020\/06\/ceara-bate-novo-recorde-de-obitos-por-covid-19-em-pouco-mais-de-24-horas-316\/","title":{"rendered":"Cear\u00e1 bate novo recorde de \u00f3bitos por Covid-19 em pouco mais de 24 horas: 316"},"content":{"rendered":"\n<p>O aumento na testagem de pacientes com a Covid-19 no Cear\u00e1 tem revelado n\u00fameros crescentes da doen\u00e7a. Nesta ter\u00e7a-feira, dia 2 de junho, o boletim da Secretaria de Sa\u00fade do Cear\u00e1 voltou a registrar um novo recorde no n\u00famero de mortes pela doen\u00e7a em pouco mais de 24 horas. Foram 316 mortes confirmadas que entraram no sistema. Neste levantamento, no entanto, h\u00e1 registro de \u00f3bitos de dias anteriores que s\u00f3 foram confirmados nesta ter\u00e7a-feira. No total, s\u00e3o 3.504 mortes por coronav\u00edrus no Estado desde o in\u00edcio da pandemia. Os casos confirmados s\u00e3o 54.683 e o n\u00famero de pacientes recuperados ficam em 35.623. <\/p>\n\n\n\n<p>Nesta ter\u00e7a-feira, o prefeito de Fortaleza, Roberto Cl\u00e1udio, anunciou o adiamento do pagamento da primeira parcela do 13\u00b0 sal\u00e1rio dos servidores municipais que aconteceria neste m\u00eas de junho, por causa do contigenciamento dos recursos para o combate \u00e0 Covid-19. &#8220;N\u00f3s estamos com o dinheiro contingenciado do 13\u00ba sal\u00e1rio. H\u00e1 um cen\u00e1rio de incertezas econ\u00f4micas, cen\u00e1rio de gastos em sa\u00fade que a gente n\u00e3o tem no\u00e7\u00e3o de limites deles&#8221;, disse Roberto Cl\u00e1udio em reuni\u00e3o virtual com os vereadores de Fortaleza.<\/p>\n\n\n\n<figure class=\"wp-block-gallery columns-1 is-cropped wp-block-gallery-1 is-layout-flex wp-block-gallery-is-layout-flex\"><ul class=\"blocks-gallery-grid\"><li class=\"blocks-gallery-item\"><figure><img loading=\"lazy\" decoding=\"async\" width=\"700\" height=\"375\" src=\"http:\/\/blogdorogeriogomes.com.br\/wp-content\/uploads\/2020\/06\/images-18.jpeg\" alt=\"\" data-id=\"16956\" data-full-url=\"http:\/\/blogdorogeriogomes.com.br\/wp-content\/uploads\/2020\/06\/images-18.jpeg\" data-link=\"http:\/\/blogdorogeriogomes.com.br\/?attachment_id=16956\" class=\"wp-image-16956\" srcset=\"https:\/\/blogdorogeriogomes.com.br\/noticias\/wp-content\/uploads\/2020\/06\/images-18.jpeg 700w, https:\/\/blogdorogeriogomes.com.br\/noticias\/wp-content\/uploads\/2020\/06\/images-18-300x161.jpeg 300w\" sizes=\"auto, (max-width: 700px) 100vw, 700px\" \/><\/figure><\/li><\/ul><\/figure>\n\n\n\n<p><\/p>\n","protected":false},"excerpt":{"rendered":"<p>O aumento na testagem de pacientes com a Covid-19 no Cear\u00e1 tem revelado n\u00fameros crescentes da doen\u00e7a. Nesta ter\u00e7a-feira, dia 2 de junho, o boletim da Secretaria de Sa\u00fade do Cear\u00e1 voltou a registrar um novo recorde no n\u00famero de mortes pela doen\u00e7a em pouco mais de 24 horas. Foram 316 mortes confirmadas que entraram no sistema. Neste levantamento, no entanto, h\u00e1 registro de \u00f3bitos de dias anteriores que s\u00f3 foram confirmados nesta ter\u00e7a-feira. No total, s\u00e3o 3.504 mortes&hellip;<\/p>\n","protected":false},"author":1,"featured_media":16956,"comment_status":"open","ping_status":"open","sticky":false,"template":"","format":"standard","meta":{"footnotes":""},"categories":[1],"tags":[],"class_list":["post-16955","post","type-post","status-publish","format-standard","has-post-thumbnail","hentry","category-noticias"],"_links":{"self":[{"href":"https:\/\/blogdorogeriogomes.com.br\/noticias\/wp-json\/wp\/v2\/posts\/16955","targetHints":{"allow":["GET"]}}],"collection":[{"href":"https:\/\/blogdorogeriogomes.com.br\/noticias\/wp-json\/wp\/v2\/posts"}],"about":[{"href":"https:\/\/blogdorogeriogomes.com.br\/noticias\/wp-json\/wp\/v2\/types\/post"}],"author":[{"embeddable":true,"href":"https:\/\/blogdorogeriogomes.com.br\/noticias\/wp-json\/wp\/v2\/users\/1"}],"replies":[{"embeddable":true,"href":"https:\/\/blogdorogeriogomes.com.br\/noticias\/wp-json\/wp\/v2\/comments?post=16955"}],"version-history":[{"count":1,"href":"https:\/\/blogdorogeriogomes.com.br\/noticias\/wp-json\/wp\/v2\/posts\/16955\/revisions"}],"predecessor-version":[{"id":16957,"href":"https:\/\/blogdorogeriogomes.com.br\/noticias\/wp-json\/wp\/v2\/posts\/16955\/revisions\/16957"}],"wp:featuredmedia":[{"embeddable":true,"href":"https:\/\/blogdorogeriogomes.com.br\/noticias\/wp-json\/wp\/v2\/media\/16956"}],"wp:attachment":[{"href":"https:\/\/blogdorogeriogomes.com.br\/noticias\/wp-json\/wp\/v2\/media?parent=16955"}],"wp:term":[{"taxonomy":"category","embeddable":true,"href":"https:\/\/blogdorogeriogomes.com.br\/noticias\/wp-json\/wp\/v2\/categories?post=16955"},{"taxonomy":"post_tag","embeddable":true,"href":"https:\/\/blogdorogeriogomes.com.br\/noticias\/wp-json\/wp\/v2\/tags?post=16955"}],"curies":[{"name":"wp","href":"https:\/\/api.w.org\/{rel}","templated":true}]}}