{"id":16962,"date":"2020-06-03T11:01:42","date_gmt":"2020-06-03T11:01:42","guid":{"rendered":"http:\/\/blogdorogeriogomes.com.br\/?p=16962"},"modified":"2020-06-03T15:08:24","modified_gmt":"2020-06-03T15:08:24","slug":"federacao-cearense-de-futebol-reune-dirigentes-para-discutir-datas-para-a-conclusao-do-estadual-2020","status":"publish","type":"post","link":"https:\/\/blogdorogeriogomes.com.br\/noticias\/2020\/06\/federacao-cearense-de-futebol-reune-dirigentes-para-discutir-datas-para-a-conclusao-do-estadual-2020\/","title":{"rendered":"Federa\u00e7\u00e3o Cearense de Futebol re\u00fane dirigentes para discutir datas para a conclus\u00e3o do Estadual 2020"},"content":{"rendered":"\n<p>Com a autoriza\u00e7\u00e3o do Governo do Cear\u00e1 para o retorno dos treinos das equipes que disputam o Estadual 2020, a Federa\u00e7\u00e3o Cearense de Futebol (FCF) convocou uma reuni\u00e3o para esta quinta-feira, dia 4 de junho, com os dirigentes dos clubes para discutir um calend\u00e1rio para a retomada da competi\u00e7\u00e3o. O retorno dos jogos do Cearense ainda depende, no entanto, de autoriza\u00e7\u00e3o do Governo Estadual, mesmo que seja sem a presen\u00e7a da torcida nos est\u00e1dios. A FCF estima que sejam necess\u00e1rios cerca de 15 dias para finalizar a disputa do Cearense 2020.<\/p>\n\n\n\n<p>Na \u00faltima segunda-feira, dia 1\u00b0 de junho, os elencos do Cear\u00e1 e Fortaleza retornaram ao trabalho. O Ferrovi\u00e1rio marcou a volta aos treinos para o dia 15 de junho. J\u00e1 as diretorias do Guarany de Sobral, Atl\u00e9tico, Pacajus, Caucaia e Barbalha aguardam reuni\u00e3o com a Federa\u00e7\u00e3o Cearense de Futebol (FCF), nesta quinta-feira, para definir seus planejamentos de retomada \u00e0s atividades. Muitos atletas vinham mantendo os treinamentos individuais em casa, sob supervis\u00e3o dia clubes.<\/p>\n\n\n\n<figure class=\"wp-block-gallery columns-1 is-cropped wp-block-gallery-1 is-layout-flex wp-block-gallery-is-layout-flex\"><ul class=\"blocks-gallery-grid\"><li class=\"blocks-gallery-item\"><figure><img loading=\"lazy\" decoding=\"async\" width=\"678\" height=\"452\" src=\"http:\/\/blogdorogeriogomes.com.br\/wp-content\/uploads\/2020\/06\/images-20.jpeg\" alt=\"\" data-id=\"16963\" data-full-url=\"http:\/\/blogdorogeriogomes.com.br\/wp-content\/uploads\/2020\/06\/images-20.jpeg\" data-link=\"http:\/\/blogdorogeriogomes.com.br\/?attachment_id=16963\" class=\"wp-image-16963\" srcset=\"https:\/\/blogdorogeriogomes.com.br\/noticias\/wp-content\/uploads\/2020\/06\/images-20.jpeg 678w, https:\/\/blogdorogeriogomes.com.br\/noticias\/wp-content\/uploads\/2020\/06\/images-20-300x200.jpeg 300w\" sizes=\"auto, (max-width: 678px) 100vw, 678px\" \/><\/figure><\/li><\/ul><\/figure>\n","protected":false},"excerpt":{"rendered":"<p>Com a autoriza\u00e7\u00e3o do Governo do Cear\u00e1 para o retorno dos treinos das equipes que disputam o Estadual 2020, a Federa\u00e7\u00e3o Cearense de Futebol (FCF) convocou uma reuni\u00e3o para esta quinta-feira, dia 4 de junho, com os dirigentes dos clubes para discutir um calend\u00e1rio para a retomada da competi\u00e7\u00e3o. O retorno dos jogos do Cearense ainda depende, no entanto, de autoriza\u00e7\u00e3o do Governo Estadual, mesmo que seja sem a presen\u00e7a da torcida nos est\u00e1dios. A FCF estima que sejam&hellip;<\/p>\n","protected":false},"author":1,"featured_media":16963,"comment_status":"open","ping_status":"open","sticky":false,"template":"","format":"standard","meta":{"footnotes":""},"categories":[1],"tags":[],"class_list":["post-16962","post","type-post","status-publish","format-standard","has-post-thumbnail","hentry","category-noticias"],"_links":{"self":[{"href":"https:\/\/blogdorogeriogomes.com.br\/noticias\/wp-json\/wp\/v2\/posts\/16962","targetHints":{"allow":["GET"]}}],"collection":[{"href":"https:\/\/blogdorogeriogomes.com.br\/noticias\/wp-json\/wp\/v2\/posts"}],"about":[{"href":"https:\/\/blogdorogeriogomes.com.br\/noticias\/wp-json\/wp\/v2\/types\/post"}],"author":[{"embeddable":true,"href":"https:\/\/blogdorogeriogomes.com.br\/noticias\/wp-json\/wp\/v2\/users\/1"}],"replies":[{"embeddable":true,"href":"https:\/\/blogdorogeriogomes.com.br\/noticias\/wp-json\/wp\/v2\/comments?post=16962"}],"version-history":[{"count":2,"href":"https:\/\/blogdorogeriogomes.com.br\/noticias\/wp-json\/wp\/v2\/posts\/16962\/revisions"}],"predecessor-version":[{"id":16965,"href":"https:\/\/blogdorogeriogomes.com.br\/noticias\/wp-json\/wp\/v2\/posts\/16962\/revisions\/16965"}],"wp:featuredmedia":[{"embeddable":true,"href":"https:\/\/blogdorogeriogomes.com.br\/noticias\/wp-json\/wp\/v2\/media\/16963"}],"wp:attachment":[{"href":"https:\/\/blogdorogeriogomes.com.br\/noticias\/wp-json\/wp\/v2\/media?parent=16962"}],"wp:term":[{"taxonomy":"category","embeddable":true,"href":"https:\/\/blogdorogeriogomes.com.br\/noticias\/wp-json\/wp\/v2\/categories?post=16962"},{"taxonomy":"post_tag","embeddable":true,"href":"https:\/\/blogdorogeriogomes.com.br\/noticias\/wp-json\/wp\/v2\/tags?post=16962"}],"curies":[{"name":"wp","href":"https:\/\/api.w.org\/{rel}","templated":true}]}}