{"id":16971,"date":"2020-06-03T18:34:50","date_gmt":"2020-06-03T18:34:50","guid":{"rendered":"http:\/\/blogdorogeriogomes.com.br\/?p=16971"},"modified":"2020-06-04T12:53:48","modified_gmt":"2020-06-04T12:53:48","slug":"fortal-2020-confirma-cancelamento-do-evento-em-julho-por-causa-do-coronavirus","status":"publish","type":"post","link":"https:\/\/blogdorogeriogomes.com.br\/noticias\/2020\/06\/fortal-2020-confirma-cancelamento-do-evento-em-julho-por-causa-do-coronavirus\/","title":{"rendered":"Fortal 2020 confirma adiamento do evento em julho por causa do coronav\u00edrus"},"content":{"rendered":"\n<p>A comiss\u00e3o organizadora do Fortal 2020, micareta cearense que tradicionalmente \u00e9 realizada durante o m\u00eas de julho, na Capital cearense, confirmou oficialmente o adiamento do evento. &#8220;O Fortal confirma que infelizmente sua 29\u00aa edi\u00e7\u00e3o n\u00e3o poder\u00e1 ser realizada agora, sendo adiada para os dias 22 a 25 de Julho de 2021. A decis\u00e3o afeta n\u00e3o somente milh\u00f5es de pessoas apaixonadas pela alegria proporcionada pelas concentra\u00e7\u00f5es, abad\u00e1s, trios, camarotes e shows, mas tamb\u00e9m milhares de profissionais que integram a cadeia que movimenta o turismo e a economia do Estado&#8221;, diz a nota oficial. &#8220;Para os foli\u00f5es que j\u00e1 haviam adquirido ingressos do evento, o Fortal ressalta que toda a comunica\u00e7\u00e3o ser\u00e1 feita por email, para reutiliza\u00e7\u00e3o ou ressarcimento&#8221;.<br>O governador do Cear\u00e1, Camilo Santana, j\u00e1 tinha se manifestado nos \u00faltimos dias sobre a inviabilidade do evento ser realizado em julho, devido a aglomera\u00e7\u00e3o de pessoas que poderia favorecer a piora do quadro de pandemia da Covid-19 em Fortaleza.<\/p>\n\n\n\n<figure class=\"wp-block-gallery columns-1 is-cropped wp-block-gallery-1 is-layout-flex wp-block-gallery-is-layout-flex\"><ul class=\"blocks-gallery-grid\"><li class=\"blocks-gallery-item\"><figure><img loading=\"lazy\" decoding=\"async\" width=\"726\" height=\"422\" src=\"http:\/\/blogdorogeriogomes.com.br\/wp-content\/uploads\/2020\/06\/images-21-2.jpeg\" alt=\"\" data-id=\"16972\" data-full-url=\"http:\/\/blogdorogeriogomes.com.br\/wp-content\/uploads\/2020\/06\/images-21-2.jpeg\" data-link=\"http:\/\/blogdorogeriogomes.com.br\/?attachment_id=16972\" class=\"wp-image-16972\" srcset=\"https:\/\/blogdorogeriogomes.com.br\/noticias\/wp-content\/uploads\/2020\/06\/images-21-2.jpeg 726w, https:\/\/blogdorogeriogomes.com.br\/noticias\/wp-content\/uploads\/2020\/06\/images-21-2-300x174.jpeg 300w\" sizes=\"auto, (max-width: 726px) 100vw, 726px\" \/><\/figure><\/li><\/ul><\/figure>\n","protected":false},"excerpt":{"rendered":"<p>A comiss\u00e3o organizadora do Fortal 2020, micareta cearense que tradicionalmente \u00e9 realizada durante o m\u00eas de julho, na Capital cearense, confirmou oficialmente o adiamento do evento. &#8220;O Fortal confirma que infelizmente sua 29\u00aa edi\u00e7\u00e3o n\u00e3o poder\u00e1 ser realizada agora, sendo adiada para os dias 22 a 25 de Julho de 2021. A decis\u00e3o afeta n\u00e3o somente milh\u00f5es de pessoas apaixonadas pela alegria proporcionada pelas concentra\u00e7\u00f5es, abad\u00e1s, trios, camarotes e shows, mas tamb\u00e9m milhares de profissionais que integram a cadeia&hellip;<\/p>\n","protected":false},"author":1,"featured_media":16972,"comment_status":"open","ping_status":"open","sticky":false,"template":"","format":"standard","meta":{"footnotes":""},"categories":[1],"tags":[],"class_list":["post-16971","post","type-post","status-publish","format-standard","has-post-thumbnail","hentry","category-noticias"],"_links":{"self":[{"href":"https:\/\/blogdorogeriogomes.com.br\/noticias\/wp-json\/wp\/v2\/posts\/16971","targetHints":{"allow":["GET"]}}],"collection":[{"href":"https:\/\/blogdorogeriogomes.com.br\/noticias\/wp-json\/wp\/v2\/posts"}],"about":[{"href":"https:\/\/blogdorogeriogomes.com.br\/noticias\/wp-json\/wp\/v2\/types\/post"}],"author":[{"embeddable":true,"href":"https:\/\/blogdorogeriogomes.com.br\/noticias\/wp-json\/wp\/v2\/users\/1"}],"replies":[{"embeddable":true,"href":"https:\/\/blogdorogeriogomes.com.br\/noticias\/wp-json\/wp\/v2\/comments?post=16971"}],"version-history":[{"count":2,"href":"https:\/\/blogdorogeriogomes.com.br\/noticias\/wp-json\/wp\/v2\/posts\/16971\/revisions"}],"predecessor-version":[{"id":16985,"href":"https:\/\/blogdorogeriogomes.com.br\/noticias\/wp-json\/wp\/v2\/posts\/16971\/revisions\/16985"}],"wp:featuredmedia":[{"embeddable":true,"href":"https:\/\/blogdorogeriogomes.com.br\/noticias\/wp-json\/wp\/v2\/media\/16972"}],"wp:attachment":[{"href":"https:\/\/blogdorogeriogomes.com.br\/noticias\/wp-json\/wp\/v2\/media?parent=16971"}],"wp:term":[{"taxonomy":"category","embeddable":true,"href":"https:\/\/blogdorogeriogomes.com.br\/noticias\/wp-json\/wp\/v2\/categories?post=16971"},{"taxonomy":"post_tag","embeddable":true,"href":"https:\/\/blogdorogeriogomes.com.br\/noticias\/wp-json\/wp\/v2\/tags?post=16971"}],"curies":[{"name":"wp","href":"https:\/\/api.w.org\/{rel}","templated":true}]}}