{"id":16978,"date":"2020-06-04T11:12:05","date_gmt":"2020-06-04T11:12:05","guid":{"rendered":"http:\/\/blogdorogeriogomes.com.br\/?p=16978"},"modified":"2020-06-04T11:47:36","modified_gmt":"2020-06-04T11:47:36","slug":"celso-de-mello-mantem-depoimento-de-abraham-weintraub-a-policia-federal-para-esta-quinta-feira","status":"publish","type":"post","link":"https:\/\/blogdorogeriogomes.com.br\/noticias\/2020\/06\/celso-de-mello-mantem-depoimento-de-abraham-weintraub-a-policia-federal-para-esta-quinta-feira\/","title":{"rendered":"Celso de Mello mant\u00e9m depoimento de Abraham Weintraub \u00e0 Pol\u00edcia Federal para esta quinta-feira"},"content":{"rendered":"\n<p>O ministro Celso de Mello, do Supremo Tribunal Federal (STF), negou um recurso do ministro da Educa\u00e7\u00e3o, Abraham Weintraub, e manteve o depoimento do ministro \u00e0 Pol\u00edcia Federal por suposto crime de racismo para esta quinta-feira, dia 4 de junho.<\/p>\n\n\n\n<p>O ministro decano do STF \u00e9 o relator do inqu\u00e9rito aberto a pedido da Procuradoria Geral da Rep\u00fablica (PGR) depois das declara\u00e7\u00f5es de Weintraub em redes sociais sobre a China. No come\u00e7o de abril, Weintraub fez, em uma rede social, insinua\u00e7\u00f5es de que a China poderia se beneficiar, de prop\u00f3sito, da crise mundial causada pelo coronav\u00edrus. Depois, ele apagou o texto. <\/p>\n\n\n\n<p>Abraham Weintraub sofre forte desgaste no Governo Federal ao ser flagrado na grava\u00e7\u00e3o de uma reuni\u00e3o ministerial onde chamou os ministros do STF de &#8220;vagabundos&#8221; e que mereciam ser presos. Apesar de defendido por Bolsonaro, Weintraub \u00e9 criticado por outros membros da equipe e tamb\u00e9m por parlamentares do Congresso pela inefici\u00eancia do Minist\u00e9rio da Educa\u00e7\u00e3o. Mudan\u00e7as na pasta continuam em vista.<\/p>\n\n\n\n<figure class=\"wp-block-gallery columns-1 is-cropped wp-block-gallery-1 is-layout-flex wp-block-gallery-is-layout-flex\"><ul class=\"blocks-gallery-grid\"><li class=\"blocks-gallery-item\"><figure><img loading=\"lazy\" decoding=\"async\" width=\"680\" height=\"380\" src=\"http:\/\/blogdorogeriogomes.com.br\/wp-content\/uploads\/2020\/06\/images-23.jpeg\" alt=\"\" data-id=\"16979\" data-full-url=\"http:\/\/blogdorogeriogomes.com.br\/wp-content\/uploads\/2020\/06\/images-23.jpeg\" data-link=\"http:\/\/blogdorogeriogomes.com.br\/?attachment_id=16979\" class=\"wp-image-16979\" srcset=\"https:\/\/blogdorogeriogomes.com.br\/noticias\/wp-content\/uploads\/2020\/06\/images-23.jpeg 680w, https:\/\/blogdorogeriogomes.com.br\/noticias\/wp-content\/uploads\/2020\/06\/images-23-300x168.jpeg 300w\" sizes=\"auto, (max-width: 680px) 100vw, 680px\" \/><\/figure><\/li><\/ul><\/figure>\n","protected":false},"excerpt":{"rendered":"<p>O ministro Celso de Mello, do Supremo Tribunal Federal (STF), negou um recurso do ministro da Educa\u00e7\u00e3o, Abraham Weintraub, e manteve o depoimento do ministro \u00e0 Pol\u00edcia Federal por suposto crime de racismo para esta quinta-feira, dia 4 de junho. O ministro decano do STF \u00e9 o relator do inqu\u00e9rito aberto a pedido da Procuradoria Geral da Rep\u00fablica (PGR) depois das declara\u00e7\u00f5es de Weintraub em redes sociais sobre a China. No come\u00e7o de abril, Weintraub fez, em uma rede&hellip;<\/p>\n","protected":false},"author":1,"featured_media":16979,"comment_status":"open","ping_status":"open","sticky":false,"template":"","format":"standard","meta":{"footnotes":""},"categories":[1],"tags":[],"class_list":["post-16978","post","type-post","status-publish","format-standard","has-post-thumbnail","hentry","category-noticias"],"_links":{"self":[{"href":"https:\/\/blogdorogeriogomes.com.br\/noticias\/wp-json\/wp\/v2\/posts\/16978","targetHints":{"allow":["GET"]}}],"collection":[{"href":"https:\/\/blogdorogeriogomes.com.br\/noticias\/wp-json\/wp\/v2\/posts"}],"about":[{"href":"https:\/\/blogdorogeriogomes.com.br\/noticias\/wp-json\/wp\/v2\/types\/post"}],"author":[{"embeddable":true,"href":"https:\/\/blogdorogeriogomes.com.br\/noticias\/wp-json\/wp\/v2\/users\/1"}],"replies":[{"embeddable":true,"href":"https:\/\/blogdorogeriogomes.com.br\/noticias\/wp-json\/wp\/v2\/comments?post=16978"}],"version-history":[{"count":1,"href":"https:\/\/blogdorogeriogomes.com.br\/noticias\/wp-json\/wp\/v2\/posts\/16978\/revisions"}],"predecessor-version":[{"id":16980,"href":"https:\/\/blogdorogeriogomes.com.br\/noticias\/wp-json\/wp\/v2\/posts\/16978\/revisions\/16980"}],"wp:featuredmedia":[{"embeddable":true,"href":"https:\/\/blogdorogeriogomes.com.br\/noticias\/wp-json\/wp\/v2\/media\/16979"}],"wp:attachment":[{"href":"https:\/\/blogdorogeriogomes.com.br\/noticias\/wp-json\/wp\/v2\/media?parent=16978"}],"wp:term":[{"taxonomy":"category","embeddable":true,"href":"https:\/\/blogdorogeriogomes.com.br\/noticias\/wp-json\/wp\/v2\/categories?post=16978"},{"taxonomy":"post_tag","embeddable":true,"href":"https:\/\/blogdorogeriogomes.com.br\/noticias\/wp-json\/wp\/v2\/tags?post=16978"}],"curies":[{"name":"wp","href":"https:\/\/api.w.org\/{rel}","templated":true}]}}