{"id":16981,"date":"2020-06-04T11:29:55","date_gmt":"2020-06-04T11:29:55","guid":{"rendered":"http:\/\/blogdorogeriogomes.com.br\/?p=16981"},"modified":"2020-06-04T11:47:25","modified_gmt":"2020-06-04T11:47:25","slug":"cresce-numero-numero-de-mortes-por-covid-19-no-pais-e-subnotificacao-revela-aumento-de-obitos-por-sindrome-respiratoria-aguda-grave","status":"publish","type":"post","link":"https:\/\/blogdorogeriogomes.com.br\/noticias\/2020\/06\/cresce-numero-numero-de-mortes-por-covid-19-no-pais-e-subnotificacao-revela-aumento-de-obitos-por-sindrome-respiratoria-aguda-grave\/","title":{"rendered":"Cresce n\u00famero de mortes por Covid-19 no Pa\u00eds e subnotifica\u00e7\u00e3o revela aumento de \u00f3bitos por S\u00edndrome Respirat\u00f3ria Aguda Grave"},"content":{"rendered":"\n<p>O balan\u00e7o do Minist\u00e9rio da Sa\u00fade nesta quarta-feira, dia 3 de junho, registrou 1.349 novos \u00f3bitos, n\u00famero recorde de v\u00edtimas anotadas em um dia, totalizando 32.548 mortos e 584.016 casos. Mas o que tamb\u00e9m tem assustado as autoridades de sa\u00fade \u00e9 a subnotifica\u00e7\u00e3o dos casos. <\/p>\n\n\n\n<p>A quantidade de mortes por doen\u00e7as respirat\u00f3rias explodiu no Brasil. O n\u00famero de \u00f3bitos em decorr\u00eancia de S\u00edndrome Respirat\u00f3ria Aguda Grave no Pa\u00eds cresceu 20 vezes em rela\u00e7\u00e3o ao ano passado, de acordo com as declara\u00e7\u00f5es de \u00f3bito registradas nos cart\u00f3rios do Brasil. Em 2019, foram 349 \u00f3bitos que tiveram s\u00edndrome respirat\u00f3ria grave como causa registrada. Neste ano, j\u00e1 s\u00e3o mais de 20 vezes essa quantidade: 6.994 mortes.<\/p>\n\n\n\n<figure class=\"wp-block-gallery columns-1 is-cropped wp-block-gallery-1 is-layout-flex wp-block-gallery-is-layout-flex\"><ul class=\"blocks-gallery-grid\"><li class=\"blocks-gallery-item\"><figure><img loading=\"lazy\" decoding=\"async\" width=\"1024\" height=\"576\" src=\"http:\/\/blogdorogeriogomes.com.br\/wp-content\/uploads\/2020\/06\/mortes-coronavirus-1024x576.jpg\" alt=\"\" data-id=\"16982\" data-full-url=\"http:\/\/blogdorogeriogomes.com.br\/wp-content\/uploads\/2020\/06\/mortes-coronavirus.jpg\" data-link=\"http:\/\/blogdorogeriogomes.com.br\/?attachment_id=16982\" class=\"wp-image-16982\" srcset=\"https:\/\/blogdorogeriogomes.com.br\/noticias\/wp-content\/uploads\/2020\/06\/mortes-coronavirus-1024x576.jpg 1024w, https:\/\/blogdorogeriogomes.com.br\/noticias\/wp-content\/uploads\/2020\/06\/mortes-coronavirus-300x169.jpg 300w, https:\/\/blogdorogeriogomes.com.br\/noticias\/wp-content\/uploads\/2020\/06\/mortes-coronavirus-768x432.jpg 768w, https:\/\/blogdorogeriogomes.com.br\/noticias\/wp-content\/uploads\/2020\/06\/mortes-coronavirus-800x450.jpg 800w, https:\/\/blogdorogeriogomes.com.br\/noticias\/wp-content\/uploads\/2020\/06\/mortes-coronavirus.jpg 1080w\" sizes=\"auto, (max-width: 1024px) 100vw, 1024px\" \/><\/figure><\/li><\/ul><\/figure>\n\n\n\n<p><\/p>\n","protected":false},"excerpt":{"rendered":"<p>O balan\u00e7o do Minist\u00e9rio da Sa\u00fade nesta quarta-feira, dia 3 de junho, registrou 1.349 novos \u00f3bitos, n\u00famero recorde de v\u00edtimas anotadas em um dia, totalizando 32.548 mortos e 584.016 casos. Mas o que tamb\u00e9m tem assustado as autoridades de sa\u00fade \u00e9 a subnotifica\u00e7\u00e3o dos casos. A quantidade de mortes por doen\u00e7as respirat\u00f3rias explodiu no Brasil. O n\u00famero de \u00f3bitos em decorr\u00eancia de S\u00edndrome Respirat\u00f3ria Aguda Grave no Pa\u00eds cresceu 20 vezes em rela\u00e7\u00e3o ao ano passado, de acordo com&hellip;<\/p>\n","protected":false},"author":1,"featured_media":16982,"comment_status":"open","ping_status":"open","sticky":false,"template":"","format":"standard","meta":{"footnotes":""},"categories":[1],"tags":[],"class_list":["post-16981","post","type-post","status-publish","format-standard","has-post-thumbnail","hentry","category-noticias"],"_links":{"self":[{"href":"https:\/\/blogdorogeriogomes.com.br\/noticias\/wp-json\/wp\/v2\/posts\/16981","targetHints":{"allow":["GET"]}}],"collection":[{"href":"https:\/\/blogdorogeriogomes.com.br\/noticias\/wp-json\/wp\/v2\/posts"}],"about":[{"href":"https:\/\/blogdorogeriogomes.com.br\/noticias\/wp-json\/wp\/v2\/types\/post"}],"author":[{"embeddable":true,"href":"https:\/\/blogdorogeriogomes.com.br\/noticias\/wp-json\/wp\/v2\/users\/1"}],"replies":[{"embeddable":true,"href":"https:\/\/blogdorogeriogomes.com.br\/noticias\/wp-json\/wp\/v2\/comments?post=16981"}],"version-history":[{"count":2,"href":"https:\/\/blogdorogeriogomes.com.br\/noticias\/wp-json\/wp\/v2\/posts\/16981\/revisions"}],"predecessor-version":[{"id":16984,"href":"https:\/\/blogdorogeriogomes.com.br\/noticias\/wp-json\/wp\/v2\/posts\/16981\/revisions\/16984"}],"wp:featuredmedia":[{"embeddable":true,"href":"https:\/\/blogdorogeriogomes.com.br\/noticias\/wp-json\/wp\/v2\/media\/16982"}],"wp:attachment":[{"href":"https:\/\/blogdorogeriogomes.com.br\/noticias\/wp-json\/wp\/v2\/media?parent=16981"}],"wp:term":[{"taxonomy":"category","embeddable":true,"href":"https:\/\/blogdorogeriogomes.com.br\/noticias\/wp-json\/wp\/v2\/categories?post=16981"},{"taxonomy":"post_tag","embeddable":true,"href":"https:\/\/blogdorogeriogomes.com.br\/noticias\/wp-json\/wp\/v2\/tags?post=16981"}],"curies":[{"name":"wp","href":"https:\/\/api.w.org\/{rel}","templated":true}]}}