{"id":16986,"date":"2020-06-04T20:21:32","date_gmt":"2020-06-04T20:21:32","guid":{"rendered":"http:\/\/blogdorogeriogomes.com.br\/?p=16986"},"modified":"2020-06-05T12:55:17","modified_gmt":"2020-06-05T12:55:17","slug":"secretaria-da-fazenda-do-ceara-traca-cenario-de-perdas-na-arrecadacao-a-deputados-estaduais-durante-sessao-virtual","status":"publish","type":"post","link":"https:\/\/blogdorogeriogomes.com.br\/noticias\/2020\/06\/secretaria-da-fazenda-do-ceara-traca-cenario-de-perdas-na-arrecadacao-a-deputados-estaduais-durante-sessao-virtual\/","title":{"rendered":"Secret\u00e1ria da Fazenda do Cear\u00e1 tra\u00e7a cen\u00e1rio de perdas na arrecada\u00e7\u00e3o a deputados estaduais durante sess\u00e3o virtual"},"content":{"rendered":"\n<p>A secret\u00e1ria estadual da Fazenda, Fernanda Pacobahyba,&nbsp;se reuniu de forma virtual com deputados estaduais, nesta quinta-feira, dia 4 de junho, quando fez um balan\u00e7o fiscal do Cear\u00e1 nos \u00faltimos meses da pandemia. Ela tra\u00e7ou um cen\u00e1rio de muitas perdas na arrecada\u00e7\u00e3o, que v\u00e3o gerar redu\u00e7\u00e3o de gastos para o Governo Estadual. Um deles j\u00e1 \u00e9 a suspens\u00e3o do pagamento antecipado da primeira parcela do 13\u00b0 sal\u00e1rio dos servidores p\u00fablicos estaduais, que estava previsto para julho. A Prefeitura de Fortaleza j\u00e1 tinha tomado esta semana a mesma atitude em rela\u00e7\u00e3o aos servidores municipais.<\/p>\n\n\n\n<p>&#8220;Fevereiro foi um m\u00eas peculiar aqui no Cear\u00e1, devido ao incidente com a Pol\u00edcia Militar, que atrapalhou o per\u00edodo de Carnaval, o turismo, e j\u00e1 sentimos uma queda na arrecada\u00e7\u00e3o, devido \u00e0quele momento. Em mar\u00e7o, a partir do dia 16, o governador decretou o estado de emerg\u00eancia em sa\u00fade e da\u00ed se tornou diferenciado. Abril e maio realmente foram um per\u00edodo catastr\u00f3fico para nossa arrecada\u00e7\u00e3o\u201d, disse a secret\u00e1ria Fernanda Pacobahyba.<\/p>\n\n\n\n<p>A titular da Secretaria da Fazenda destacou que o m\u00eas de abril, comparado ao mesmo per\u00edodo de 2019, registrou uma queda na receita corrente l\u00edquida de R$ 340 milh\u00f5es. O cen\u00e1rio de maio est\u00e1 sendo finalizado e deve ser divulgado at\u00e9 pr\u00f3xima semana, mas a secret\u00e1ria adiantou que, s\u00f3 no referido m\u00eas, o Estado registrou perda de R$ 1,078 bilh\u00e3o.&nbsp;<\/p>\n\n\n\n<p>Quanto ao socorro financeiro prometido pelo Governo Federal a estados e munic\u00edpios em tempos de pandemia, Fernanda Pacobahyba lamenta que a ajuda n\u00e3o dever\u00e1 ser suficiente diante do aumento das despesas com sa\u00fade. \u201cAs receitas est\u00e3o caindo, os gastos aumentando e as reposi\u00e7\u00f5es n\u00e3o chegam na mesma propor\u00e7\u00e3o\u201d, afirmou a secret\u00e1ria da Fazenda Estadual. <\/p>\n\n\n\n<figure class=\"wp-block-gallery columns-1 is-cropped wp-block-gallery-1 is-layout-flex wp-block-gallery-is-layout-flex\"><ul class=\"blocks-gallery-grid\"><li class=\"blocks-gallery-item\"><figure><img loading=\"lazy\" decoding=\"async\" width=\"900\" height=\"481\" src=\"http:\/\/blogdorogeriogomes.com.br\/wp-content\/uploads\/2020\/06\/503cf69f6a0931c0b7f4d9a549965e5a_XL.jpg\" alt=\"\" data-id=\"16987\" data-full-url=\"http:\/\/blogdorogeriogomes.com.br\/wp-content\/uploads\/2020\/06\/503cf69f6a0931c0b7f4d9a549965e5a_XL.jpg\" data-link=\"http:\/\/blogdorogeriogomes.com.br\/?attachment_id=16987\" class=\"wp-image-16987\" srcset=\"https:\/\/blogdorogeriogomes.com.br\/noticias\/wp-content\/uploads\/2020\/06\/503cf69f6a0931c0b7f4d9a549965e5a_XL.jpg 900w, https:\/\/blogdorogeriogomes.com.br\/noticias\/wp-content\/uploads\/2020\/06\/503cf69f6a0931c0b7f4d9a549965e5a_XL-300x160.jpg 300w, https:\/\/blogdorogeriogomes.com.br\/noticias\/wp-content\/uploads\/2020\/06\/503cf69f6a0931c0b7f4d9a549965e5a_XL-768x410.jpg 768w, https:\/\/blogdorogeriogomes.com.br\/noticias\/wp-content\/uploads\/2020\/06\/503cf69f6a0931c0b7f4d9a549965e5a_XL-800x428.jpg 800w\" sizes=\"auto, (max-width: 900px) 100vw, 900px\" \/><\/figure><\/li><\/ul><\/figure>\n","protected":false},"excerpt":{"rendered":"<p>A secret\u00e1ria estadual da Fazenda, Fernanda Pacobahyba,&nbsp;se reuniu de forma virtual com deputados estaduais, nesta quinta-feira, dia 4 de junho, quando fez um balan\u00e7o fiscal do Cear\u00e1 nos \u00faltimos meses da pandemia. Ela tra\u00e7ou um cen\u00e1rio de muitas perdas na arrecada\u00e7\u00e3o, que v\u00e3o gerar redu\u00e7\u00e3o de gastos para o Governo Estadual. Um deles j\u00e1 \u00e9 a suspens\u00e3o do pagamento antecipado da primeira parcela do 13\u00b0 sal\u00e1rio dos servidores p\u00fablicos estaduais, que estava previsto para julho. A Prefeitura de Fortaleza&hellip;<\/p>\n","protected":false},"author":1,"featured_media":16987,"comment_status":"open","ping_status":"open","sticky":false,"template":"","format":"standard","meta":{"footnotes":""},"categories":[1],"tags":[],"class_list":["post-16986","post","type-post","status-publish","format-standard","has-post-thumbnail","hentry","category-noticias"],"_links":{"self":[{"href":"https:\/\/blogdorogeriogomes.com.br\/noticias\/wp-json\/wp\/v2\/posts\/16986","targetHints":{"allow":["GET"]}}],"collection":[{"href":"https:\/\/blogdorogeriogomes.com.br\/noticias\/wp-json\/wp\/v2\/posts"}],"about":[{"href":"https:\/\/blogdorogeriogomes.com.br\/noticias\/wp-json\/wp\/v2\/types\/post"}],"author":[{"embeddable":true,"href":"https:\/\/blogdorogeriogomes.com.br\/noticias\/wp-json\/wp\/v2\/users\/1"}],"replies":[{"embeddable":true,"href":"https:\/\/blogdorogeriogomes.com.br\/noticias\/wp-json\/wp\/v2\/comments?post=16986"}],"version-history":[{"count":2,"href":"https:\/\/blogdorogeriogomes.com.br\/noticias\/wp-json\/wp\/v2\/posts\/16986\/revisions"}],"predecessor-version":[{"id":17003,"href":"https:\/\/blogdorogeriogomes.com.br\/noticias\/wp-json\/wp\/v2\/posts\/16986\/revisions\/17003"}],"wp:featuredmedia":[{"embeddable":true,"href":"https:\/\/blogdorogeriogomes.com.br\/noticias\/wp-json\/wp\/v2\/media\/16987"}],"wp:attachment":[{"href":"https:\/\/blogdorogeriogomes.com.br\/noticias\/wp-json\/wp\/v2\/media?parent=16986"}],"wp:term":[{"taxonomy":"category","embeddable":true,"href":"https:\/\/blogdorogeriogomes.com.br\/noticias\/wp-json\/wp\/v2\/categories?post=16986"},{"taxonomy":"post_tag","embeddable":true,"href":"https:\/\/blogdorogeriogomes.com.br\/noticias\/wp-json\/wp\/v2\/tags?post=16986"}],"curies":[{"name":"wp","href":"https:\/\/api.w.org\/{rel}","templated":true}]}}