{"id":16989,"date":"2020-06-04T20:39:58","date_gmt":"2020-06-04T20:39:58","guid":{"rendered":"http:\/\/blogdorogeriogomes.com.br\/?p=16989"},"modified":"2020-06-05T12:55:05","modified_gmt":"2020-06-05T12:55:05","slug":"convencoes-partidarias-para-escolha-de-candidatos-a-vereador-e-prefeito-poderao-ser-virtuais-diz-tse","status":"publish","type":"post","link":"https:\/\/blogdorogeriogomes.com.br\/noticias\/2020\/06\/convencoes-partidarias-para-escolha-de-candidatos-a-vereador-e-prefeito-poderao-ser-virtuais-diz-tse\/","title":{"rendered":"Conven\u00e7\u00f5es partid\u00e1rias para escolha de candidatos a vereador e prefeito poder\u00e3o ser virtuais, diz TSE"},"content":{"rendered":"\n<p>Os &nbsp;ministros dos Tribunal Superior Eleitoral (TSE) permitiram a realiza\u00e7\u00e3o das conven\u00e7\u00f5es partid\u00e1rias virtuais para a escolha dos candidatos a vereador e a prefeito das elei\u00e7\u00f5es de 2020. Elas dever\u00e3o ocorrer entre o dia 20 de julho e 5 de agosto. As conven\u00e7\u00f5es virtuais devem seguir as regras e procedimentos normais, previstos na Lei Eleitoral, e respeitar as normas partid\u00e1rias das legendas.<\/p>\n\n\n\n<p>Por conta da pandemia do coronav\u00edrus, as elei\u00e7\u00f5es municipais, que iriam ocorrer em outubro deste ano, dever\u00e3o ser adiadas para o m\u00eas de dezembro. A decis\u00e3o deve ocorrer ainda este m\u00eas. O presidente do TSE, Lu\u00eds Roberto Barroso, defendeu que o pleito seja adiado no menor prazo poss\u00edvel, que a prorroga\u00e7\u00e3o dos mandatos deve ser evitada ao m\u00e1ximo e se colocou contra a unifica\u00e7\u00e3o em 2022.<\/p>\n\n\n\n<figure class=\"wp-block-gallery columns-1 is-cropped wp-block-gallery-1 is-layout-flex wp-block-gallery-is-layout-flex\"><ul class=\"blocks-gallery-grid\"><li class=\"blocks-gallery-item\"><figure><img loading=\"lazy\" decoding=\"async\" width=\"543\" height=\"263\" src=\"http:\/\/blogdorogeriogomes.com.br\/wp-content\/uploads\/2020\/06\/images-24.jpeg\" alt=\"\" data-id=\"16990\" data-full-url=\"http:\/\/blogdorogeriogomes.com.br\/wp-content\/uploads\/2020\/06\/images-24.jpeg\" data-link=\"http:\/\/blogdorogeriogomes.com.br\/?attachment_id=16990\" class=\"wp-image-16990\" srcset=\"https:\/\/blogdorogeriogomes.com.br\/noticias\/wp-content\/uploads\/2020\/06\/images-24.jpeg 543w, https:\/\/blogdorogeriogomes.com.br\/noticias\/wp-content\/uploads\/2020\/06\/images-24-300x145.jpeg 300w\" sizes=\"auto, (max-width: 543px) 100vw, 543px\" \/><\/figure><\/li><\/ul><\/figure>\n","protected":false},"excerpt":{"rendered":"<p>Os &nbsp;ministros dos Tribunal Superior Eleitoral (TSE) permitiram a realiza\u00e7\u00e3o das conven\u00e7\u00f5es partid\u00e1rias virtuais para a escolha dos candidatos a vereador e a prefeito das elei\u00e7\u00f5es de 2020. Elas dever\u00e3o ocorrer entre o dia 20 de julho e 5 de agosto. As conven\u00e7\u00f5es virtuais devem seguir as regras e procedimentos normais, previstos na Lei Eleitoral, e respeitar as normas partid\u00e1rias das legendas. Por conta da pandemia do coronav\u00edrus, as elei\u00e7\u00f5es municipais, que iriam ocorrer em outubro deste ano, dever\u00e3o&hellip;<\/p>\n","protected":false},"author":1,"featured_media":16990,"comment_status":"open","ping_status":"open","sticky":false,"template":"","format":"standard","meta":{"footnotes":""},"categories":[1],"tags":[],"class_list":["post-16989","post","type-post","status-publish","format-standard","has-post-thumbnail","hentry","category-noticias"],"_links":{"self":[{"href":"https:\/\/blogdorogeriogomes.com.br\/noticias\/wp-json\/wp\/v2\/posts\/16989","targetHints":{"allow":["GET"]}}],"collection":[{"href":"https:\/\/blogdorogeriogomes.com.br\/noticias\/wp-json\/wp\/v2\/posts"}],"about":[{"href":"https:\/\/blogdorogeriogomes.com.br\/noticias\/wp-json\/wp\/v2\/types\/post"}],"author":[{"embeddable":true,"href":"https:\/\/blogdorogeriogomes.com.br\/noticias\/wp-json\/wp\/v2\/users\/1"}],"replies":[{"embeddable":true,"href":"https:\/\/blogdorogeriogomes.com.br\/noticias\/wp-json\/wp\/v2\/comments?post=16989"}],"version-history":[{"count":2,"href":"https:\/\/blogdorogeriogomes.com.br\/noticias\/wp-json\/wp\/v2\/posts\/16989\/revisions"}],"predecessor-version":[{"id":17002,"href":"https:\/\/blogdorogeriogomes.com.br\/noticias\/wp-json\/wp\/v2\/posts\/16989\/revisions\/17002"}],"wp:featuredmedia":[{"embeddable":true,"href":"https:\/\/blogdorogeriogomes.com.br\/noticias\/wp-json\/wp\/v2\/media\/16990"}],"wp:attachment":[{"href":"https:\/\/blogdorogeriogomes.com.br\/noticias\/wp-json\/wp\/v2\/media?parent=16989"}],"wp:term":[{"taxonomy":"category","embeddable":true,"href":"https:\/\/blogdorogeriogomes.com.br\/noticias\/wp-json\/wp\/v2\/categories?post=16989"},{"taxonomy":"post_tag","embeddable":true,"href":"https:\/\/blogdorogeriogomes.com.br\/noticias\/wp-json\/wp\/v2\/tags?post=16989"}],"curies":[{"name":"wp","href":"https:\/\/api.w.org\/{rel}","templated":true}]}}