{"id":16992,"date":"2020-06-04T23:19:44","date_gmt":"2020-06-04T23:19:44","guid":{"rendered":"http:\/\/blogdorogeriogomes.com.br\/?p=16992"},"modified":"2020-06-05T12:54:41","modified_gmt":"2020-06-05T12:54:41","slug":"roberto-claudio-exonera-tres-secretarios-municipais-dos-tres-pode-sair-o-candidato-do-pdt-nas-eleicoes-de-fortaleza","status":"publish","type":"post","link":"https:\/\/blogdorogeriogomes.com.br\/noticias\/2020\/06\/roberto-claudio-exonera-tres-secretarios-municipais-dos-tres-pode-sair-o-candidato-do-pdt-nas-eleicoes-de-fortaleza\/","title":{"rendered":"Roberto Cl\u00e1udio exonera tr\u00eas secret\u00e1rios municipais. Dos tr\u00eas, pode sair o candidato do PDT nas elei\u00e7\u00f5es de Fortaleza"},"content":{"rendered":"\n<p>Os \u00faltimos dias foram de muitas conversas nos bastidores do PDT de Fortaleza quanto ao nome do candidato que concorrer\u00e1 pelo partido nas elei\u00e7\u00f5es municipais deste ano. Nesta quinta-feira, dia 4 de junho, o prefeito Roberto Cl\u00e1udio exonerou tr\u00eas secret\u00e1rios municipais que t\u00eam potencial para ser o candidato \u00e0 sua sucess\u00e3o no Pa\u00e7o Municipal. S\u00e3o eles: Samuel Dias, secret\u00e1rio de Governo, Ferruccio Feitosa, da Regional II, e Alexandre Pereira, secret\u00e1rio do Turismo. Os secret\u00e1rios precisam deixar os cargos na Prefeitura agora para cumprir a Lei Eleitoral, caso realmente venham a concorrer.<\/p>\n\n\n\n<p>No Governo do Estado, quem tamb\u00e9m deve deixar o cargo de secret\u00e1rio da Casa Civil \u00e9 \u00c9lcio Batista (PSB). Ele \u00e9 do grupo do governador Camilo Santana (PT), que est\u00e1 alinhado politicamente ao prefeito Roberto Cl\u00e1udio. \u00c9 tamb\u00e9m uma op\u00e7\u00e3o a ser analisada pelos pedetistas, quem sabe at\u00e9 como candidato a vice. Camilo Santana tamb\u00e9m exonerou o secret\u00e1rio de Rela\u00e7\u00f5es Institucionais, Nelson Martins (PT).<\/p>\n\n\n\n<figure class=\"wp-block-gallery columns-1 is-cropped wp-block-gallery-1 is-layout-flex wp-block-gallery-is-layout-flex\"><ul class=\"blocks-gallery-grid\"><li class=\"blocks-gallery-item\"><figure><img loading=\"lazy\" decoding=\"async\" width=\"678\" height=\"452\" src=\"http:\/\/blogdorogeriogomes.com.br\/wp-content\/uploads\/2020\/06\/images-26.jpeg\" alt=\"\" data-id=\"16993\" data-full-url=\"http:\/\/blogdorogeriogomes.com.br\/wp-content\/uploads\/2020\/06\/images-26.jpeg\" data-link=\"http:\/\/blogdorogeriogomes.com.br\/?attachment_id=16993\" class=\"wp-image-16993\" srcset=\"https:\/\/blogdorogeriogomes.com.br\/noticias\/wp-content\/uploads\/2020\/06\/images-26.jpeg 678w, https:\/\/blogdorogeriogomes.com.br\/noticias\/wp-content\/uploads\/2020\/06\/images-26-300x200.jpeg 300w\" sizes=\"auto, (max-width: 678px) 100vw, 678px\" \/><\/figure><\/li><\/ul><\/figure>\n","protected":false},"excerpt":{"rendered":"<p>Os \u00faltimos dias foram de muitas conversas nos bastidores do PDT de Fortaleza quanto ao nome do candidato que concorrer\u00e1 pelo partido nas elei\u00e7\u00f5es municipais deste ano. Nesta quinta-feira, dia 4 de junho, o prefeito Roberto Cl\u00e1udio exonerou tr\u00eas secret\u00e1rios municipais que t\u00eam potencial para ser o candidato \u00e0 sua sucess\u00e3o no Pa\u00e7o Municipal. S\u00e3o eles: Samuel Dias, secret\u00e1rio de Governo, Ferruccio Feitosa, da Regional II, e Alexandre Pereira, secret\u00e1rio do Turismo. Os secret\u00e1rios precisam deixar os cargos na&hellip;<\/p>\n","protected":false},"author":1,"featured_media":16993,"comment_status":"open","ping_status":"open","sticky":false,"template":"","format":"standard","meta":{"footnotes":""},"categories":[1],"tags":[],"class_list":["post-16992","post","type-post","status-publish","format-standard","has-post-thumbnail","hentry","category-noticias"],"_links":{"self":[{"href":"https:\/\/blogdorogeriogomes.com.br\/noticias\/wp-json\/wp\/v2\/posts\/16992","targetHints":{"allow":["GET"]}}],"collection":[{"href":"https:\/\/blogdorogeriogomes.com.br\/noticias\/wp-json\/wp\/v2\/posts"}],"about":[{"href":"https:\/\/blogdorogeriogomes.com.br\/noticias\/wp-json\/wp\/v2\/types\/post"}],"author":[{"embeddable":true,"href":"https:\/\/blogdorogeriogomes.com.br\/noticias\/wp-json\/wp\/v2\/users\/1"}],"replies":[{"embeddable":true,"href":"https:\/\/blogdorogeriogomes.com.br\/noticias\/wp-json\/wp\/v2\/comments?post=16992"}],"version-history":[{"count":2,"href":"https:\/\/blogdorogeriogomes.com.br\/noticias\/wp-json\/wp\/v2\/posts\/16992\/revisions"}],"predecessor-version":[{"id":16998,"href":"https:\/\/blogdorogeriogomes.com.br\/noticias\/wp-json\/wp\/v2\/posts\/16992\/revisions\/16998"}],"wp:featuredmedia":[{"embeddable":true,"href":"https:\/\/blogdorogeriogomes.com.br\/noticias\/wp-json\/wp\/v2\/media\/16993"}],"wp:attachment":[{"href":"https:\/\/blogdorogeriogomes.com.br\/noticias\/wp-json\/wp\/v2\/media?parent=16992"}],"wp:term":[{"taxonomy":"category","embeddable":true,"href":"https:\/\/blogdorogeriogomes.com.br\/noticias\/wp-json\/wp\/v2\/categories?post=16992"},{"taxonomy":"post_tag","embeddable":true,"href":"https:\/\/blogdorogeriogomes.com.br\/noticias\/wp-json\/wp\/v2\/tags?post=16992"}],"curies":[{"name":"wp","href":"https:\/\/api.w.org\/{rel}","templated":true}]}}