{"id":16999,"date":"2020-06-05T11:34:01","date_gmt":"2020-06-05T11:34:01","guid":{"rendered":"http:\/\/blogdorogeriogomes.com.br\/?p=16999"},"modified":"2020-06-05T12:54:00","modified_gmt":"2020-06-05T12:54:00","slug":"movimentos-de-oposicao-ao-governo-federal-preparam-novo-protesto-para-domingo-bolsonaro-classifica-manifestantes-de-idiotas-marginais-e-viciados","status":"publish","type":"post","link":"https:\/\/blogdorogeriogomes.com.br\/noticias\/2020\/06\/movimentos-de-oposicao-ao-governo-federal-preparam-novo-protesto-para-domingo-bolsonaro-classifica-manifestantes-de-idiotas-marginais-e-viciados\/","title":{"rendered":"Movimentos de oposi\u00e7\u00e3o ao Governo Federal preparam novo protesto para domingo. Bolsonaro classifica manifestantes de &#8220;idiotas, marginais e viciados&#8221;"},"content":{"rendered":"\n<p>Movimentos de oposi\u00e7\u00e3o ao Governo Federal organizam novo protesto para o pr\u00f3ximo domingo, dia 7 de junho, apesar do grave cen\u00e1rio da Covid-19. Em uma live nesta quinta-feira, dia 4, o presidente Jair Bolsonaro chamou aqueles que se manifestam contra seu governo de &#8220;idiotas, marginais e viciados&#8221;. Bolsonaro convocou os aliados a n\u00e3o irem \u00e0s ruas para evitar confrontos. <\/p>\n\n\n\n<p>No entanto, apesar da pandemia, Bolsonaro tem comparecido a todos os protestos dos apoiadores contra o STF e Congresso Nacional, al\u00e9m de pedirem a instaura\u00e7\u00e3o de uma ditadura militar no Pa\u00eds. No primeiro protesto contra o seu governo, ocorrido no domingo passado, em pelo menos quatro capitais, Bolsonaro decidiu desqualificar os manifestantes, classificando a todos como &#8220;baderneiros&#8221;.<\/p>\n\n\n\n<p>Interessante \u00e9 o fato que o presidente Jair Bolsonaro atua como &#8220;incendi\u00e1rio&#8221; dos aliados para criticar STF e Congresso nas manifesta\u00e7\u00f5es do fim de semana, mas depois faz afagos e visitas a membros do Supremo Tribunal Federal em outros dias da semana, como aconteceu na segunda-feira passada com o ministro Alexandre de Moraes.<\/p>\n\n\n\n<p>Bolsonaro mant\u00e9m discursos diferentes. Um para os apoiadores e outro para as institui\u00e7\u00f5es, de quem precisa para governar (ou tentar). Fato \u00e9 que o isolamento pol\u00edtico faz o Presidente da Rep\u00fablica, a cada dia, radicalizar o discurso para os aliados, o que s\u00f3 agrava a tens\u00e3o em rela\u00e7\u00e3o a quem pensa diferente dos bolsonaristas. <\/p>\n\n\n\n<p>Se tra\u00e7ar um r\u00e1pido comparativo \u00e9 o mesmo o que est\u00e1 acontecendo com o presidente dos Estados Unidos, Donald Trump, quanto aos protestos contra o racismo que tomam conta de v\u00e1rias cidades norte-americanas.<\/p>\n\n\n\n<figure class=\"wp-block-gallery columns-1 is-cropped wp-block-gallery-1 is-layout-flex wp-block-gallery-is-layout-flex\"><ul class=\"blocks-gallery-grid\"><li class=\"blocks-gallery-item\"><figure><img loading=\"lazy\" decoding=\"async\" width=\"768\" height=\"512\" src=\"http:\/\/blogdorogeriogomes.com.br\/wp-content\/uploads\/2020\/06\/15844720235e711fd76fde3_1584472023_3x2_md.jpg\" alt=\"\" data-id=\"17000\" data-full-url=\"http:\/\/blogdorogeriogomes.com.br\/wp-content\/uploads\/2020\/06\/15844720235e711fd76fde3_1584472023_3x2_md.jpg\" data-link=\"http:\/\/blogdorogeriogomes.com.br\/?attachment_id=17000\" class=\"wp-image-17000\" srcset=\"https:\/\/blogdorogeriogomes.com.br\/noticias\/wp-content\/uploads\/2020\/06\/15844720235e711fd76fde3_1584472023_3x2_md.jpg 768w, https:\/\/blogdorogeriogomes.com.br\/noticias\/wp-content\/uploads\/2020\/06\/15844720235e711fd76fde3_1584472023_3x2_md-300x200.jpg 300w\" sizes=\"auto, (max-width: 768px) 100vw, 768px\" \/><\/figure><\/li><\/ul><\/figure>\n","protected":false},"excerpt":{"rendered":"<p>Movimentos de oposi\u00e7\u00e3o ao Governo Federal organizam novo protesto para o pr\u00f3ximo domingo, dia 7 de junho, apesar do grave cen\u00e1rio da Covid-19. Em uma live nesta quinta-feira, dia 4, o presidente Jair Bolsonaro chamou aqueles que se manifestam contra seu governo de &#8220;idiotas, marginais e viciados&#8221;. Bolsonaro convocou os aliados a n\u00e3o irem \u00e0s ruas para evitar confrontos. No entanto, apesar da pandemia, Bolsonaro tem comparecido a todos os protestos dos apoiadores contra o STF e Congresso Nacional,&hellip;<\/p>\n","protected":false},"author":1,"featured_media":17000,"comment_status":"open","ping_status":"open","sticky":false,"template":"","format":"standard","meta":{"footnotes":""},"categories":[1],"tags":[],"class_list":["post-16999","post","type-post","status-publish","format-standard","has-post-thumbnail","hentry","category-noticias"],"_links":{"self":[{"href":"https:\/\/blogdorogeriogomes.com.br\/noticias\/wp-json\/wp\/v2\/posts\/16999","targetHints":{"allow":["GET"]}}],"collection":[{"href":"https:\/\/blogdorogeriogomes.com.br\/noticias\/wp-json\/wp\/v2\/posts"}],"about":[{"href":"https:\/\/blogdorogeriogomes.com.br\/noticias\/wp-json\/wp\/v2\/types\/post"}],"author":[{"embeddable":true,"href":"https:\/\/blogdorogeriogomes.com.br\/noticias\/wp-json\/wp\/v2\/users\/1"}],"replies":[{"embeddable":true,"href":"https:\/\/blogdorogeriogomes.com.br\/noticias\/wp-json\/wp\/v2\/comments?post=16999"}],"version-history":[{"count":1,"href":"https:\/\/blogdorogeriogomes.com.br\/noticias\/wp-json\/wp\/v2\/posts\/16999\/revisions"}],"predecessor-version":[{"id":17001,"href":"https:\/\/blogdorogeriogomes.com.br\/noticias\/wp-json\/wp\/v2\/posts\/16999\/revisions\/17001"}],"wp:featuredmedia":[{"embeddable":true,"href":"https:\/\/blogdorogeriogomes.com.br\/noticias\/wp-json\/wp\/v2\/media\/17000"}],"wp:attachment":[{"href":"https:\/\/blogdorogeriogomes.com.br\/noticias\/wp-json\/wp\/v2\/media?parent=16999"}],"wp:term":[{"taxonomy":"category","embeddable":true,"href":"https:\/\/blogdorogeriogomes.com.br\/noticias\/wp-json\/wp\/v2\/categories?post=16999"},{"taxonomy":"post_tag","embeddable":true,"href":"https:\/\/blogdorogeriogomes.com.br\/noticias\/wp-json\/wp\/v2\/tags?post=16999"}],"curies":[{"name":"wp","href":"https:\/\/api.w.org\/{rel}","templated":true}]}}