{"id":17004,"date":"2020-06-05T18:28:32","date_gmt":"2020-06-05T18:28:32","guid":{"rendered":"http:\/\/blogdorogeriogomes.com.br\/?p=17004"},"modified":"2020-06-06T22:03:16","modified_gmt":"2020-06-06T22:03:16","slug":"governos-do-nordeste-recorrem-ao-stf-contra-cortes-no-programa-do-bolsa-familia-na-regiao","status":"publish","type":"post","link":"https:\/\/blogdorogeriogomes.com.br\/noticias\/2020\/06\/governos-do-nordeste-recorrem-ao-stf-contra-cortes-no-programa-do-bolsa-familia-na-regiao\/","title":{"rendered":"Governos do Nordeste recorrem ao STF contra cortes no programa do Bolsa Fam\u00edlia na regi\u00e3o"},"content":{"rendered":"\n<p>Os governos do Nordeste decidiram reagir \u00e0 transfer\u00eancia de recursos feita pelo Governo Bolsonaro do programa federal Bolsa Fam\u00edlia para a Secretaria de Comunica\u00e7\u00e3o Social da Presid\u00eancia da Rep\u00fablica. Os estados do Nordeste acionaram o Supremo Tribunal Federal (STF) para que a Uni\u00e3o suspenda o corte de R$ 83 milh\u00f5es e 900 mil reais do programa Bolsa Fam\u00edlia no Nordeste, com o objetivo de expandir a publicidade oficial.<\/p>\n\n\n\n<p>O pedido ao STF foi protocolado pelos procuradores-gerais dos estados de Alagoas, Bahia, Cear\u00e1, Maranh\u00e3o, Para\u00edba, Pernambuco, Piau\u00ed e Rio Grande do Norte. Eles pedem que o Governo Federal justifique a concentra\u00e7\u00e3o de cortes no programa na Regi\u00e3o Nordeste e recomponha o valor retirado para ser usado pela publicidade do governo.<\/p>\n\n\n\n<figure class=\"wp-block-gallery columns-1 is-cropped wp-block-gallery-1 is-layout-flex wp-block-gallery-is-layout-flex\"><ul class=\"blocks-gallery-grid\"><li class=\"blocks-gallery-item\"><figure><img loading=\"lazy\" decoding=\"async\" width=\"768\" height=\"512\" src=\"http:\/\/blogdorogeriogomes.com.br\/wp-content\/uploads\/2020\/06\/15812871595e4086f7c08a3_1581287159_3x2_md.jpg\" alt=\"\" data-id=\"17005\" data-full-url=\"http:\/\/blogdorogeriogomes.com.br\/wp-content\/uploads\/2020\/06\/15812871595e4086f7c08a3_1581287159_3x2_md.jpg\" data-link=\"http:\/\/blogdorogeriogomes.com.br\/?attachment_id=17005\" class=\"wp-image-17005\" srcset=\"https:\/\/blogdorogeriogomes.com.br\/noticias\/wp-content\/uploads\/2020\/06\/15812871595e4086f7c08a3_1581287159_3x2_md.jpg 768w, https:\/\/blogdorogeriogomes.com.br\/noticias\/wp-content\/uploads\/2020\/06\/15812871595e4086f7c08a3_1581287159_3x2_md-300x200.jpg 300w\" sizes=\"auto, (max-width: 768px) 100vw, 768px\" \/><\/figure><\/li><\/ul><\/figure>\n","protected":false},"excerpt":{"rendered":"<p>Os governos do Nordeste decidiram reagir \u00e0 transfer\u00eancia de recursos feita pelo Governo Bolsonaro do programa federal Bolsa Fam\u00edlia para a Secretaria de Comunica\u00e7\u00e3o Social da Presid\u00eancia da Rep\u00fablica. Os estados do Nordeste acionaram o Supremo Tribunal Federal (STF) para que a Uni\u00e3o suspenda o corte de R$ 83 milh\u00f5es e 900 mil reais do programa Bolsa Fam\u00edlia no Nordeste, com o objetivo de expandir a publicidade oficial. O pedido ao STF foi protocolado pelos procuradores-gerais dos estados de&hellip;<\/p>\n","protected":false},"author":1,"featured_media":17005,"comment_status":"open","ping_status":"open","sticky":false,"template":"","format":"standard","meta":{"footnotes":""},"categories":[1],"tags":[],"class_list":["post-17004","post","type-post","status-publish","format-standard","has-post-thumbnail","hentry","category-noticias"],"_links":{"self":[{"href":"https:\/\/blogdorogeriogomes.com.br\/noticias\/wp-json\/wp\/v2\/posts\/17004","targetHints":{"allow":["GET"]}}],"collection":[{"href":"https:\/\/blogdorogeriogomes.com.br\/noticias\/wp-json\/wp\/v2\/posts"}],"about":[{"href":"https:\/\/blogdorogeriogomes.com.br\/noticias\/wp-json\/wp\/v2\/types\/post"}],"author":[{"embeddable":true,"href":"https:\/\/blogdorogeriogomes.com.br\/noticias\/wp-json\/wp\/v2\/users\/1"}],"replies":[{"embeddable":true,"href":"https:\/\/blogdorogeriogomes.com.br\/noticias\/wp-json\/wp\/v2\/comments?post=17004"}],"version-history":[{"count":1,"href":"https:\/\/blogdorogeriogomes.com.br\/noticias\/wp-json\/wp\/v2\/posts\/17004\/revisions"}],"predecessor-version":[{"id":17006,"href":"https:\/\/blogdorogeriogomes.com.br\/noticias\/wp-json\/wp\/v2\/posts\/17004\/revisions\/17006"}],"wp:featuredmedia":[{"embeddable":true,"href":"https:\/\/blogdorogeriogomes.com.br\/noticias\/wp-json\/wp\/v2\/media\/17005"}],"wp:attachment":[{"href":"https:\/\/blogdorogeriogomes.com.br\/noticias\/wp-json\/wp\/v2\/media?parent=17004"}],"wp:term":[{"taxonomy":"category","embeddable":true,"href":"https:\/\/blogdorogeriogomes.com.br\/noticias\/wp-json\/wp\/v2\/categories?post=17004"},{"taxonomy":"post_tag","embeddable":true,"href":"https:\/\/blogdorogeriogomes.com.br\/noticias\/wp-json\/wp\/v2\/tags?post=17004"}],"curies":[{"name":"wp","href":"https:\/\/api.w.org\/{rel}","templated":true}]}}