{"id":17007,"date":"2020-06-05T20:38:16","date_gmt":"2020-06-05T20:38:16","guid":{"rendered":"http:\/\/blogdorogeriogomes.com.br\/?p=17007"},"modified":"2020-06-08T14:32:46","modified_gmt":"2020-06-08T14:32:46","slug":"governador-camilo-santana-se-posiciona-contrario-as-manifestacoes-de-rua-que-estao-programadas-para-domingo","status":"publish","type":"post","link":"https:\/\/blogdorogeriogomes.com.br\/noticias\/2020\/06\/governador-camilo-santana-se-posiciona-contrario-as-manifestacoes-de-rua-que-estao-programadas-para-domingo\/","title":{"rendered":"Governador Camilo Santana se posiciona contr\u00e1rio \u00e0s manifesta\u00e7\u00f5es de rua que est\u00e3o programadas para domingo"},"content":{"rendered":"\n<p>O governador do Cear\u00e1, Camilo Santana, que \u00e9 do PT, se mostrou contr\u00e1rio \u00e0s manifesta\u00e7\u00f5es de rua programadas para o pr\u00f3ximo domingo, dia 7 de junho. O movimento est\u00e1 sendo articulado por opositores ao presidente Jair Bolsonaro. Camilo considera que a situa\u00e7\u00e3o de gravidade por causa da pandemia do coronav\u00edrus n\u00e3o permite aglomera\u00e7\u00f5es no momento. Nem de um lado, nem de outro. &#8220;Sempre apoiarei o engajamento dos brasileiros em defesa da democracia, uma de nossas maiores riquezas. Mas sou absolutamente contra a realiza\u00e7\u00e3o de quaisquer atos nas ruas neste momento grave de pandemia. H\u00e1 no Cear\u00e1 um decreto que pro\u00edbe aglomera\u00e7\u00f5es e deve ser respeitado&#8221;, declarou o governador cearense.<\/p>\n\n\n\n<p>A dire\u00e7\u00e3o nacional do PT, no entanto, emitiu nota em apoio \u00e0s manifesta\u00e7\u00f5es previstas para o domingo em v\u00e1rias capitais brasileiras contra os atos fascistas de apoiadores de Bolsonaro, que pedem a volta da ditadura militar e o fechamento do STF e do Congresso. &#8220;N\u00f3s, do Partido dos Trabalhadores, somos solid\u00e1rios aos que participam destes atos e sofrem os ataques da repress\u00e3o e de provocadores&#8221;, diz o texto assinado pela presidente da legenda, Gleisi Hoffmann, e pelos l\u00edderes do partido na C\u00e2mara dos Deputados, Enio Verri, e no Senado Federal, Rog\u00e9rio Carvalho.<\/p>\n\n\n\n<figure class=\"wp-block-gallery columns-1 is-cropped wp-block-gallery-1 is-layout-flex wp-block-gallery-is-layout-flex\"><ul class=\"blocks-gallery-grid\"><li class=\"blocks-gallery-item\"><figure><img loading=\"lazy\" decoding=\"async\" width=\"678\" height=\"452\" src=\"http:\/\/blogdorogeriogomes.com.br\/wp-content\/uploads\/2020\/06\/images-27.jpeg\" alt=\"\" data-id=\"17008\" data-full-url=\"http:\/\/blogdorogeriogomes.com.br\/wp-content\/uploads\/2020\/06\/images-27.jpeg\" data-link=\"http:\/\/blogdorogeriogomes.com.br\/?attachment_id=17008\" class=\"wp-image-17008\" srcset=\"https:\/\/blogdorogeriogomes.com.br\/noticias\/wp-content\/uploads\/2020\/06\/images-27.jpeg 678w, https:\/\/blogdorogeriogomes.com.br\/noticias\/wp-content\/uploads\/2020\/06\/images-27-300x200.jpeg 300w\" sizes=\"auto, (max-width: 678px) 100vw, 678px\" \/><\/figure><\/li><\/ul><\/figure>\n","protected":false},"excerpt":{"rendered":"<p>O governador do Cear\u00e1, Camilo Santana, que \u00e9 do PT, se mostrou contr\u00e1rio \u00e0s manifesta\u00e7\u00f5es de rua programadas para o pr\u00f3ximo domingo, dia 7 de junho. O movimento est\u00e1 sendo articulado por opositores ao presidente Jair Bolsonaro. Camilo considera que a situa\u00e7\u00e3o de gravidade por causa da pandemia do coronav\u00edrus n\u00e3o permite aglomera\u00e7\u00f5es no momento. Nem de um lado, nem de outro. &#8220;Sempre apoiarei o engajamento dos brasileiros em defesa da democracia, uma de nossas maiores riquezas. Mas sou&hellip;<\/p>\n","protected":false},"author":1,"featured_media":17008,"comment_status":"open","ping_status":"open","sticky":false,"template":"","format":"standard","meta":{"footnotes":""},"categories":[1],"tags":[],"class_list":["post-17007","post","type-post","status-publish","format-standard","has-post-thumbnail","hentry","category-noticias"],"_links":{"self":[{"href":"https:\/\/blogdorogeriogomes.com.br\/noticias\/wp-json\/wp\/v2\/posts\/17007","targetHints":{"allow":["GET"]}}],"collection":[{"href":"https:\/\/blogdorogeriogomes.com.br\/noticias\/wp-json\/wp\/v2\/posts"}],"about":[{"href":"https:\/\/blogdorogeriogomes.com.br\/noticias\/wp-json\/wp\/v2\/types\/post"}],"author":[{"embeddable":true,"href":"https:\/\/blogdorogeriogomes.com.br\/noticias\/wp-json\/wp\/v2\/users\/1"}],"replies":[{"embeddable":true,"href":"https:\/\/blogdorogeriogomes.com.br\/noticias\/wp-json\/wp\/v2\/comments?post=17007"}],"version-history":[{"count":1,"href":"https:\/\/blogdorogeriogomes.com.br\/noticias\/wp-json\/wp\/v2\/posts\/17007\/revisions"}],"predecessor-version":[{"id":17009,"href":"https:\/\/blogdorogeriogomes.com.br\/noticias\/wp-json\/wp\/v2\/posts\/17007\/revisions\/17009"}],"wp:featuredmedia":[{"embeddable":true,"href":"https:\/\/blogdorogeriogomes.com.br\/noticias\/wp-json\/wp\/v2\/media\/17008"}],"wp:attachment":[{"href":"https:\/\/blogdorogeriogomes.com.br\/noticias\/wp-json\/wp\/v2\/media?parent=17007"}],"wp:term":[{"taxonomy":"category","embeddable":true,"href":"https:\/\/blogdorogeriogomes.com.br\/noticias\/wp-json\/wp\/v2\/categories?post=17007"},{"taxonomy":"post_tag","embeddable":true,"href":"https:\/\/blogdorogeriogomes.com.br\/noticias\/wp-json\/wp\/v2\/tags?post=17007"}],"curies":[{"name":"wp","href":"https:\/\/api.w.org\/{rel}","templated":true}]}}