{"id":17016,"date":"2020-06-06T11:41:56","date_gmt":"2020-06-06T11:41:56","guid":{"rendered":"http:\/\/blogdorogeriogomes.com.br\/?p=17016"},"modified":"2020-06-06T22:04:58","modified_gmt":"2020-06-06T22:04:58","slug":"com-queda-de-liminar-pais-de-alunos-devem-cobrar-das-escolas-desconto-de-ate-30-nas-mensalidades","status":"publish","type":"post","link":"https:\/\/blogdorogeriogomes.com.br\/noticias\/2020\/06\/com-queda-de-liminar-pais-de-alunos-devem-cobrar-das-escolas-desconto-de-ate-30-nas-mensalidades\/","title":{"rendered":"Com queda de liminar, pais de alunos devem cobrar das escolas desconto de at\u00e9 30% nas mensalidades"},"content":{"rendered":"\n<p>A queda da liminar, determinada pelo Tribunal de Justi\u00e7a do Cear\u00e1, que impedia as escolas particulares em conceder descontos nas mensalidades escolares em tempos de pandemia fez valer o que determina Lei Estadual, aprovada pela Assembleia Legislativa e sancionada pelo governador Camilo Santana. Assim, a Lei precisa ser cumprida e os pais podem cobrar das escolas o direito ao desconto. Caso n\u00e3o obtenha o benef\u00edcio, devem recorrer aos \u00f3rg\u00e3os de defesa do consumidor.<\/p>\n\n\n\n<p>Os descontos tabelados na Lei Estadual de abatimentos de mensalidades em raz\u00e3o da pandemia, aprovada pela Assembleia Legislativa do Cear\u00e1 no m\u00eas passado, valem como refer\u00eancia para a quest\u00e3o.<\/p>\n\n\n\n<p>Pela legisla\u00e7\u00e3o, os descontos s\u00e3o escalonados e se diferem a depender da modalidade de ensino. As mensalidades podem ser descontadas com abatimento de 5% a 30% do valor cobrado antes da crise. E os alunos podem receber o benef\u00edcio de acordo com suas condi\u00e7\u00f5es de sa\u00fade: pessoas com espectro de transtorno autista (TEA) e outras defici\u00eancias s\u00e3o avaliadas caso a caso.<\/p>\n\n\n\n<figure class=\"wp-block-gallery columns-1 is-cropped wp-block-gallery-1 is-layout-flex wp-block-gallery-is-layout-flex\"><ul class=\"blocks-gallery-grid\"><li class=\"blocks-gallery-item\"><figure><img loading=\"lazy\" decoding=\"async\" width=\"680\" height=\"451\" src=\"http:\/\/blogdorogeriogomes.com.br\/wp-content\/uploads\/2020\/06\/images-30.jpeg\" alt=\"\" data-id=\"17017\" data-full-url=\"http:\/\/blogdorogeriogomes.com.br\/wp-content\/uploads\/2020\/06\/images-30.jpeg\" data-link=\"http:\/\/blogdorogeriogomes.com.br\/?attachment_id=17017\" class=\"wp-image-17017\" srcset=\"https:\/\/blogdorogeriogomes.com.br\/noticias\/wp-content\/uploads\/2020\/06\/images-30.jpeg 680w, https:\/\/blogdorogeriogomes.com.br\/noticias\/wp-content\/uploads\/2020\/06\/images-30-300x199.jpeg 300w\" sizes=\"auto, (max-width: 680px) 100vw, 680px\" \/><\/figure><\/li><\/ul><\/figure>\n\n\n\n<p><\/p>\n\n\n\n<p><\/p>\n\n\n\n<p><\/p>\n","protected":false},"excerpt":{"rendered":"<p>A queda da liminar, determinada pelo Tribunal de Justi\u00e7a do Cear\u00e1, que impedia as escolas particulares em conceder descontos nas mensalidades escolares em tempos de pandemia fez valer o que determina Lei Estadual, aprovada pela Assembleia Legislativa e sancionada pelo governador Camilo Santana. Assim, a Lei precisa ser cumprida e os pais podem cobrar das escolas o direito ao desconto. Caso n\u00e3o obtenha o benef\u00edcio, devem recorrer aos \u00f3rg\u00e3os de defesa do consumidor. Os descontos tabelados na Lei Estadual&hellip;<\/p>\n","protected":false},"author":1,"featured_media":17017,"comment_status":"open","ping_status":"open","sticky":false,"template":"","format":"standard","meta":{"footnotes":""},"categories":[1],"tags":[],"class_list":["post-17016","post","type-post","status-publish","format-standard","has-post-thumbnail","hentry","category-noticias"],"_links":{"self":[{"href":"https:\/\/blogdorogeriogomes.com.br\/noticias\/wp-json\/wp\/v2\/posts\/17016","targetHints":{"allow":["GET"]}}],"collection":[{"href":"https:\/\/blogdorogeriogomes.com.br\/noticias\/wp-json\/wp\/v2\/posts"}],"about":[{"href":"https:\/\/blogdorogeriogomes.com.br\/noticias\/wp-json\/wp\/v2\/types\/post"}],"author":[{"embeddable":true,"href":"https:\/\/blogdorogeriogomes.com.br\/noticias\/wp-json\/wp\/v2\/users\/1"}],"replies":[{"embeddable":true,"href":"https:\/\/blogdorogeriogomes.com.br\/noticias\/wp-json\/wp\/v2\/comments?post=17016"}],"version-history":[{"count":1,"href":"https:\/\/blogdorogeriogomes.com.br\/noticias\/wp-json\/wp\/v2\/posts\/17016\/revisions"}],"predecessor-version":[{"id":17018,"href":"https:\/\/blogdorogeriogomes.com.br\/noticias\/wp-json\/wp\/v2\/posts\/17016\/revisions\/17018"}],"wp:featuredmedia":[{"embeddable":true,"href":"https:\/\/blogdorogeriogomes.com.br\/noticias\/wp-json\/wp\/v2\/media\/17017"}],"wp:attachment":[{"href":"https:\/\/blogdorogeriogomes.com.br\/noticias\/wp-json\/wp\/v2\/media?parent=17016"}],"wp:term":[{"taxonomy":"category","embeddable":true,"href":"https:\/\/blogdorogeriogomes.com.br\/noticias\/wp-json\/wp\/v2\/categories?post=17016"},{"taxonomy":"post_tag","embeddable":true,"href":"https:\/\/blogdorogeriogomes.com.br\/noticias\/wp-json\/wp\/v2\/tags?post=17016"}],"curies":[{"name":"wp","href":"https:\/\/api.w.org\/{rel}","templated":true}]}}