{"id":17019,"date":"2020-06-06T16:58:40","date_gmt":"2020-06-06T16:58:40","guid":{"rendered":"http:\/\/blogdorogeriogomes.com.br\/?p=17019"},"modified":"2020-06-06T22:05:10","modified_gmt":"2020-06-06T22:05:10","slug":"camilo-santana-autoriza-inicio-da-fase-1-em-fortaleza-a-partir-de-segunda-feira-zona-norte-do-ceara-permanece-em-lockdown","status":"publish","type":"post","link":"https:\/\/blogdorogeriogomes.com.br\/noticias\/2020\/06\/camilo-santana-autoriza-inicio-da-fase-1-em-fortaleza-a-partir-de-segunda-feira-zona-norte-do-ceara-permanece-em-lockdown\/","title":{"rendered":"Camilo Santana autoriza in\u00edcio da Fase 1 em Fortaleza a partir de segunda-feira. Zona Norte do Cear\u00e1 permanece em Lockdown"},"content":{"rendered":"\n<p>O governador do Cear\u00e1, Camilo Santana, e o prefeito de Fortaleza, Roberto Cl\u00e1udio, anunciaram no in\u00edcio da tarde deste s\u00e1bado, dia 6 de junho, que Fortaleza vai iniciar a Fase 1 do programa de afrouxamento das regras de isolamento social por causa da pandemia do coronav\u00edrus. Isso vai permitir que outros setores da economia possam voltar a funcionar. A decis\u00e3o se deve a uma estabiliza\u00e7\u00e3o dos casos da Covid-19 na Capital.<\/p>\n\n\n\n<p>No entanto, a preocupa\u00e7\u00e3o \u00e9 com a Zona Norte do Cear\u00e1, onde o n\u00famero de casos aumentaram na \u00faltima semana. Em Sobral, Camocim, Itarema e Acara\u00fa ser\u00e3o mantidas regras r\u00edgidas de isolamento pelos pr\u00f3ximos sete dias.<\/p>\n\n\n\n<p>Camilo Santana anunciou a prorroga\u00e7\u00e3o do Decreto de Isolamento Social em todo o Cear\u00e1 por mais sete dias, com manuten\u00e7\u00e3o da Fase de Transi\u00e7\u00e3o em todo o restante dos munic\u00edpios cearenses, com exce\u00e7\u00e3o de Fortaleza que passa para a Fase 1.<\/p>\n\n\n\n<p>Na Capital, devido a redu\u00e7\u00e3o dos indicadores da Covid, inicia a Fase 1 do Processo de Retomada Econ\u00f4mica, com a obriga\u00e7\u00e3o do controle da circula\u00e7\u00e3o de funcion\u00e1rios e clientes por parte dos estabelecimentos comerciais autorizados a abrir nessa fase. O uso de m\u00e1scara continua obrigat\u00f3rio em todo o Cear\u00e1.<\/p>\n\n\n\n<figure class=\"wp-block-gallery columns-1 is-cropped wp-block-gallery-1 is-layout-flex wp-block-gallery-is-layout-flex\"><ul class=\"blocks-gallery-grid\"><li class=\"blocks-gallery-item\"><figure><img loading=\"lazy\" decoding=\"async\" width=\"1000\" height=\"750\" src=\"http:\/\/blogdorogeriogomes.com.br\/wp-content\/uploads\/2020\/06\/camilo-e-roberto-claudio-se-reunem.jpg\" alt=\"\" data-id=\"17020\" data-full-url=\"http:\/\/blogdorogeriogomes.com.br\/wp-content\/uploads\/2020\/06\/camilo-e-roberto-claudio-se-reunem.jpg\" data-link=\"http:\/\/blogdorogeriogomes.com.br\/?attachment_id=17020\" class=\"wp-image-17020\" srcset=\"https:\/\/blogdorogeriogomes.com.br\/noticias\/wp-content\/uploads\/2020\/06\/camilo-e-roberto-claudio-se-reunem.jpg 1000w, https:\/\/blogdorogeriogomes.com.br\/noticias\/wp-content\/uploads\/2020\/06\/camilo-e-roberto-claudio-se-reunem-300x225.jpg 300w, https:\/\/blogdorogeriogomes.com.br\/noticias\/wp-content\/uploads\/2020\/06\/camilo-e-roberto-claudio-se-reunem-768x576.jpg 768w, https:\/\/blogdorogeriogomes.com.br\/noticias\/wp-content\/uploads\/2020\/06\/camilo-e-roberto-claudio-se-reunem-800x600.jpg 800w, https:\/\/blogdorogeriogomes.com.br\/noticias\/wp-content\/uploads\/2020\/06\/camilo-e-roberto-claudio-se-reunem-400x300.jpg 400w\" sizes=\"auto, (max-width: 1000px) 100vw, 1000px\" \/><\/figure><\/li><\/ul><\/figure>\n","protected":false},"excerpt":{"rendered":"<p>O governador do Cear\u00e1, Camilo Santana, e o prefeito de Fortaleza, Roberto Cl\u00e1udio, anunciaram no in\u00edcio da tarde deste s\u00e1bado, dia 6 de junho, que Fortaleza vai iniciar a Fase 1 do programa de afrouxamento das regras de isolamento social por causa da pandemia do coronav\u00edrus. Isso vai permitir que outros setores da economia possam voltar a funcionar. A decis\u00e3o se deve a uma estabiliza\u00e7\u00e3o dos casos da Covid-19 na Capital. No entanto, a preocupa\u00e7\u00e3o \u00e9 com a Zona&hellip;<\/p>\n","protected":false},"author":1,"featured_media":17020,"comment_status":"open","ping_status":"open","sticky":false,"template":"","format":"standard","meta":{"footnotes":""},"categories":[1],"tags":[],"class_list":["post-17019","post","type-post","status-publish","format-standard","has-post-thumbnail","hentry","category-noticias"],"_links":{"self":[{"href":"https:\/\/blogdorogeriogomes.com.br\/noticias\/wp-json\/wp\/v2\/posts\/17019","targetHints":{"allow":["GET"]}}],"collection":[{"href":"https:\/\/blogdorogeriogomes.com.br\/noticias\/wp-json\/wp\/v2\/posts"}],"about":[{"href":"https:\/\/blogdorogeriogomes.com.br\/noticias\/wp-json\/wp\/v2\/types\/post"}],"author":[{"embeddable":true,"href":"https:\/\/blogdorogeriogomes.com.br\/noticias\/wp-json\/wp\/v2\/users\/1"}],"replies":[{"embeddable":true,"href":"https:\/\/blogdorogeriogomes.com.br\/noticias\/wp-json\/wp\/v2\/comments?post=17019"}],"version-history":[{"count":1,"href":"https:\/\/blogdorogeriogomes.com.br\/noticias\/wp-json\/wp\/v2\/posts\/17019\/revisions"}],"predecessor-version":[{"id":17021,"href":"https:\/\/blogdorogeriogomes.com.br\/noticias\/wp-json\/wp\/v2\/posts\/17019\/revisions\/17021"}],"wp:featuredmedia":[{"embeddable":true,"href":"https:\/\/blogdorogeriogomes.com.br\/noticias\/wp-json\/wp\/v2\/media\/17020"}],"wp:attachment":[{"href":"https:\/\/blogdorogeriogomes.com.br\/noticias\/wp-json\/wp\/v2\/media?parent=17019"}],"wp:term":[{"taxonomy":"category","embeddable":true,"href":"https:\/\/blogdorogeriogomes.com.br\/noticias\/wp-json\/wp\/v2\/categories?post=17019"},{"taxonomy":"post_tag","embeddable":true,"href":"https:\/\/blogdorogeriogomes.com.br\/noticias\/wp-json\/wp\/v2\/tags?post=17019"}],"curies":[{"name":"wp","href":"https:\/\/api.w.org\/{rel}","templated":true}]}}