{"id":17023,"date":"2020-06-07T15:04:05","date_gmt":"2020-06-07T15:04:05","guid":{"rendered":"http:\/\/blogdorogeriogomes.com.br\/?p=17023"},"modified":"2020-06-07T15:23:51","modified_gmt":"2020-06-07T15:23:51","slug":"mpf-da-prazo-de-72-horas-para-o-ministerio-da-saude-explicar-porque-passou-a-omitir-dados-da-covid-19-no-pais","status":"publish","type":"post","link":"https:\/\/blogdorogeriogomes.com.br\/noticias\/2020\/06\/mpf-da-prazo-de-72-horas-para-o-ministerio-da-saude-explicar-porque-passou-a-omitir-dados-da-covid-19-no-pais\/","title":{"rendered":"MPF d\u00e1 prazo de 72 horas para o Minist\u00e9rio da Sa\u00fade explicar porque passou a omitir dados da Covid-19 no Pa\u00eds"},"content":{"rendered":"\n<p>O Minist\u00e9rio P\u00fablico Federal (MPF) cobra do Minist\u00e9rio da Sa\u00fade explica\u00e7\u00f5es sobre o motivo de excluir o n\u00famero total de \u00f3bitos por Covid-19 das estat\u00edsticas divulgadas. O despacho estipulou prazo de 72 horas para o ministro interino da Sa\u00fade, general do Ex\u00e9rcito Eduardo Pazuello, enviar informa\u00e7\u00f5es sobre o assunto. Agora, o Minist\u00e9rio s\u00f3 est\u00e1 revelando os dados das \u00faltimas 24 horas da Covid-19.<\/p>\n\n\n\n<p>A estrat\u00e9gia de esconder os dados de novos casos e mortes por coronav\u00edrus causa desconforto nos cen\u00e1rios nacional e internacional pela falta de transpar\u00eancia na divulga\u00e7\u00e3o de dados da pandemia no Pa\u00eds. As secretarias estaduais de sa\u00fade lamentam a postura do Minist\u00e9rio da Sa\u00fade.<\/p>\n\n\n\n<p>A Defensoria P\u00fablica da Uni\u00e3o (DPU) ingressou com um pedido de liminar na Justi\u00e7a Federal de S\u00e3o Paulo para que o Minist\u00e9rio da Sa\u00fade volte a divulgar imediatamente os n\u00fameros do Painel Coronav\u00edrus, incluindo todas as informa\u00e7\u00f5es sobre os casos j\u00e1 registrados de Covid-19 at\u00e9 o momento.<\/p>\n\n\n\n<p>O MPF destaca que a transpar\u00eancia deve ser regra no Poder P\u00fablico, n\u00e3o havendo exclus\u00e3o de dados estat\u00edstico uma vez que &#8220;essa restri\u00e7\u00e3o de informa\u00e7\u00f5es limita o acesso do p\u00fablico a dados que s\u00e3o relevantes, n\u00e3o sigilosos, que podem orientar a sua conduta em rela\u00e7\u00e3o \u00e0 prote\u00e7\u00e3o da pr\u00f3pria sa\u00fade&#8221;.<\/p>\n\n\n\n<figure class=\"wp-block-gallery columns-1 is-cropped wp-block-gallery-1 is-layout-flex wp-block-gallery-is-layout-flex\"><ul class=\"blocks-gallery-grid\"><li class=\"blocks-gallery-item\"><figure><img loading=\"lazy\" decoding=\"async\" width=\"600\" height=\"400\" src=\"http:\/\/blogdorogeriogomes.com.br\/wp-content\/uploads\/2020\/06\/images-31.jpeg\" alt=\"\" data-id=\"17024\" data-full-url=\"http:\/\/blogdorogeriogomes.com.br\/wp-content\/uploads\/2020\/06\/images-31.jpeg\" data-link=\"http:\/\/blogdorogeriogomes.com.br\/?attachment_id=17024\" class=\"wp-image-17024\" srcset=\"https:\/\/blogdorogeriogomes.com.br\/noticias\/wp-content\/uploads\/2020\/06\/images-31.jpeg 600w, https:\/\/blogdorogeriogomes.com.br\/noticias\/wp-content\/uploads\/2020\/06\/images-31-300x200.jpeg 300w\" sizes=\"auto, (max-width: 600px) 100vw, 600px\" \/><\/figure><\/li><\/ul><\/figure>\n","protected":false},"excerpt":{"rendered":"<p>O Minist\u00e9rio P\u00fablico Federal (MPF) cobra do Minist\u00e9rio da Sa\u00fade explica\u00e7\u00f5es sobre o motivo de excluir o n\u00famero total de \u00f3bitos por Covid-19 das estat\u00edsticas divulgadas. O despacho estipulou prazo de 72 horas para o ministro interino da Sa\u00fade, general do Ex\u00e9rcito Eduardo Pazuello, enviar informa\u00e7\u00f5es sobre o assunto. Agora, o Minist\u00e9rio s\u00f3 est\u00e1 revelando os dados das \u00faltimas 24 horas da Covid-19. A estrat\u00e9gia de esconder os dados de novos casos e mortes por coronav\u00edrus causa desconforto nos&hellip;<\/p>\n","protected":false},"author":1,"featured_media":17024,"comment_status":"open","ping_status":"open","sticky":false,"template":"","format":"standard","meta":{"footnotes":""},"categories":[1],"tags":[],"class_list":["post-17023","post","type-post","status-publish","format-standard","has-post-thumbnail","hentry","category-noticias"],"_links":{"self":[{"href":"https:\/\/blogdorogeriogomes.com.br\/noticias\/wp-json\/wp\/v2\/posts\/17023","targetHints":{"allow":["GET"]}}],"collection":[{"href":"https:\/\/blogdorogeriogomes.com.br\/noticias\/wp-json\/wp\/v2\/posts"}],"about":[{"href":"https:\/\/blogdorogeriogomes.com.br\/noticias\/wp-json\/wp\/v2\/types\/post"}],"author":[{"embeddable":true,"href":"https:\/\/blogdorogeriogomes.com.br\/noticias\/wp-json\/wp\/v2\/users\/1"}],"replies":[{"embeddable":true,"href":"https:\/\/blogdorogeriogomes.com.br\/noticias\/wp-json\/wp\/v2\/comments?post=17023"}],"version-history":[{"count":1,"href":"https:\/\/blogdorogeriogomes.com.br\/noticias\/wp-json\/wp\/v2\/posts\/17023\/revisions"}],"predecessor-version":[{"id":17025,"href":"https:\/\/blogdorogeriogomes.com.br\/noticias\/wp-json\/wp\/v2\/posts\/17023\/revisions\/17025"}],"wp:featuredmedia":[{"embeddable":true,"href":"https:\/\/blogdorogeriogomes.com.br\/noticias\/wp-json\/wp\/v2\/media\/17024"}],"wp:attachment":[{"href":"https:\/\/blogdorogeriogomes.com.br\/noticias\/wp-json\/wp\/v2\/media?parent=17023"}],"wp:term":[{"taxonomy":"category","embeddable":true,"href":"https:\/\/blogdorogeriogomes.com.br\/noticias\/wp-json\/wp\/v2\/categories?post=17023"},{"taxonomy":"post_tag","embeddable":true,"href":"https:\/\/blogdorogeriogomes.com.br\/noticias\/wp-json\/wp\/v2\/tags?post=17023"}],"curies":[{"name":"wp","href":"https:\/\/api.w.org\/{rel}","templated":true}]}}