{"id":17026,"date":"2020-06-07T23:41:13","date_gmt":"2020-06-07T23:41:13","guid":{"rendered":"http:\/\/blogdorogeriogomes.com.br\/?p=17026"},"modified":"2020-06-08T14:31:18","modified_gmt":"2020-06-08T14:31:18","slug":"protestos-contra-bolsonaro-sao-registrados-em-varias-capitais-do-pais-a-pauta-contra-o-racismo-tambem-ganhou-as-ruas-no-brasil","status":"publish","type":"post","link":"https:\/\/blogdorogeriogomes.com.br\/noticias\/2020\/06\/protestos-contra-bolsonaro-sao-registrados-em-varias-capitais-do-pais-a-pauta-contra-o-racismo-tambem-ganhou-as-ruas-no-brasil\/","title":{"rendered":"Protestos contra Bolsonaro s\u00e3o registrados em v\u00e1rias capitais do Pa\u00eds. A pauta contra o racismo tamb\u00e9m ganhou as ruas no Brasil"},"content":{"rendered":"\n<p>Os protestos contra o Governo Bolsonaro ganharam \u00e0s ruas de v\u00e1rias capitais brasileiras neste domingo, dia 7 de junho. Em diferentes pontos do Pa\u00eds, inclusive Fortaleza, as aglomera\u00e7\u00f5es mostraram insatisfa\u00e7\u00e3o contra as amea\u00e7as \u00e0s institui\u00e7\u00f5es como STF e Congresso Nacional, mas tamb\u00e9m inclu\u00edram a pauta do racismo. No fim de semana, v\u00e1rios pa\u00edses registraram manifesta\u00e7\u00f5es contra o racismo.<\/p>\n\n\n\n<p>Cartazes e faixas foram utilizados em S\u00e3o Paulo, em Bras\u00edlia e no Rio de Janeiro, fazendo refer\u00eancia ao movimento &#8220;vidas negras importam&#8221; que ganhou corpo nos EUA, ap\u00f3s o seguran\u00e7a George Froyd ser morto por um policial branco.  <\/p>\n\n\n\n<p>O registro de protestos pac\u00edficos contra o Governo Bolsonaro se estenderam em pelo menos 20 estados. Durante o ato em Belo Horizonte, Bel\u00e9m, Goi\u00e2nia e Salvador, os manifestantes usaram m\u00e1scara e carregaram cartazes contra o fascismo e o racismo, gritando palavras de ordem.<\/p>\n\n\n\n<p>Em Fortaleza, houve manifesta\u00e7\u00e3o de um grupo \u00e0 favor da democracia nos bairros Aldeota e Meireles. A Pol\u00edcia Militar chegou a deter um grupo de 10 manifestantes por causa do descumprimento ao decreto de isolamento social. Foram levados \u00e0 delegacia e depois liberados.<\/p>\n\n\n\n<figure class=\"wp-block-gallery columns-1 is-cropped wp-block-gallery-1 is-layout-flex wp-block-gallery-is-layout-flex\"><ul class=\"blocks-gallery-grid\"><li class=\"blocks-gallery-item\"><figure><img loading=\"lazy\" decoding=\"async\" width=\"1024\" height=\"576\" src=\"http:\/\/blogdorogeriogomes.com.br\/wp-content\/uploads\/2020\/06\/age20200607072-1024x576.jpg\" alt=\"\" data-id=\"17027\" data-full-url=\"http:\/\/blogdorogeriogomes.com.br\/wp-content\/uploads\/2020\/06\/age20200607072.jpg\" data-link=\"http:\/\/blogdorogeriogomes.com.br\/?attachment_id=17027\" class=\"wp-image-17027\" srcset=\"https:\/\/blogdorogeriogomes.com.br\/noticias\/wp-content\/uploads\/2020\/06\/age20200607072-1024x576.jpg 1024w, https:\/\/blogdorogeriogomes.com.br\/noticias\/wp-content\/uploads\/2020\/06\/age20200607072-300x169.jpg 300w, https:\/\/blogdorogeriogomes.com.br\/noticias\/wp-content\/uploads\/2020\/06\/age20200607072-768x432.jpg 768w, https:\/\/blogdorogeriogomes.com.br\/noticias\/wp-content\/uploads\/2020\/06\/age20200607072-800x450.jpg 800w, https:\/\/blogdorogeriogomes.com.br\/noticias\/wp-content\/uploads\/2020\/06\/age20200607072.jpg 1080w\" sizes=\"auto, (max-width: 1024px) 100vw, 1024px\" \/><\/figure><\/li><\/ul><\/figure>\n","protected":false},"excerpt":{"rendered":"<p>Os protestos contra o Governo Bolsonaro ganharam \u00e0s ruas de v\u00e1rias capitais brasileiras neste domingo, dia 7 de junho. Em diferentes pontos do Pa\u00eds, inclusive Fortaleza, as aglomera\u00e7\u00f5es mostraram insatisfa\u00e7\u00e3o contra as amea\u00e7as \u00e0s institui\u00e7\u00f5es como STF e Congresso Nacional, mas tamb\u00e9m inclu\u00edram a pauta do racismo. No fim de semana, v\u00e1rios pa\u00edses registraram manifesta\u00e7\u00f5es contra o racismo. Cartazes e faixas foram utilizados em S\u00e3o Paulo, em Bras\u00edlia e no Rio de Janeiro, fazendo refer\u00eancia ao movimento &#8220;vidas negras&hellip;<\/p>\n","protected":false},"author":1,"featured_media":17027,"comment_status":"open","ping_status":"open","sticky":false,"template":"","format":"standard","meta":{"footnotes":""},"categories":[1],"tags":[],"class_list":["post-17026","post","type-post","status-publish","format-standard","has-post-thumbnail","hentry","category-noticias"],"_links":{"self":[{"href":"https:\/\/blogdorogeriogomes.com.br\/noticias\/wp-json\/wp\/v2\/posts\/17026","targetHints":{"allow":["GET"]}}],"collection":[{"href":"https:\/\/blogdorogeriogomes.com.br\/noticias\/wp-json\/wp\/v2\/posts"}],"about":[{"href":"https:\/\/blogdorogeriogomes.com.br\/noticias\/wp-json\/wp\/v2\/types\/post"}],"author":[{"embeddable":true,"href":"https:\/\/blogdorogeriogomes.com.br\/noticias\/wp-json\/wp\/v2\/users\/1"}],"replies":[{"embeddable":true,"href":"https:\/\/blogdorogeriogomes.com.br\/noticias\/wp-json\/wp\/v2\/comments?post=17026"}],"version-history":[{"count":1,"href":"https:\/\/blogdorogeriogomes.com.br\/noticias\/wp-json\/wp\/v2\/posts\/17026\/revisions"}],"predecessor-version":[{"id":17028,"href":"https:\/\/blogdorogeriogomes.com.br\/noticias\/wp-json\/wp\/v2\/posts\/17026\/revisions\/17028"}],"wp:featuredmedia":[{"embeddable":true,"href":"https:\/\/blogdorogeriogomes.com.br\/noticias\/wp-json\/wp\/v2\/media\/17027"}],"wp:attachment":[{"href":"https:\/\/blogdorogeriogomes.com.br\/noticias\/wp-json\/wp\/v2\/media?parent=17026"}],"wp:term":[{"taxonomy":"category","embeddable":true,"href":"https:\/\/blogdorogeriogomes.com.br\/noticias\/wp-json\/wp\/v2\/categories?post=17026"},{"taxonomy":"post_tag","embeddable":true,"href":"https:\/\/blogdorogeriogomes.com.br\/noticias\/wp-json\/wp\/v2\/tags?post=17026"}],"curies":[{"name":"wp","href":"https:\/\/api.w.org\/{rel}","templated":true}]}}