{"id":17029,"date":"2020-06-08T11:11:33","date_gmt":"2020-06-08T11:11:33","guid":{"rendered":"http:\/\/blogdorogeriogomes.com.br\/?p=17029"},"modified":"2020-06-08T14:31:06","modified_gmt":"2020-06-08T14:31:06","slug":"inicio-da-fase-1-do-plano-de-reabertura-da-economia-garante-aumento-da-frota-de-onibus-em-fortaleza","status":"publish","type":"post","link":"https:\/\/blogdorogeriogomes.com.br\/noticias\/2020\/06\/inicio-da-fase-1-do-plano-de-reabertura-da-economia-garante-aumento-da-frota-de-onibus-em-fortaleza\/","title":{"rendered":"In\u00edcio da Fase 1 do plano de reabertura da economia garante aumento da frota de \u00f4nibus em Fortaleza"},"content":{"rendered":"\n<p>A Fase 1 do plano de retomada da economia em Fortaleza, que come\u00e7a nesta segunda-feira, dia 8 de junho, garante o aumento na oferta do transporte p\u00fablico na Capital. A Etufor estima que 70% da frota normal de \u00f4nibus j\u00e1 devem estar \u00e0 disposi\u00e7\u00e3o do usu\u00e1rio. As rotas do metr\u00f4&nbsp;das&nbsp;Linha Sul, Oeste e VLT Parangaba-Mucuripe continuam operando em hor\u00e1rios diferenciados.<\/p>\n\n\n\n<p>De acordo com o Governo do Cear\u00e1, cerca de 69 mil trabalhadores est\u00e3o autorizados a voltar \u00e0s suas atividades nesta semana na Capital. Os shoppings e centros comerciais poder\u00e3o funcionar com apenas 30% da capacidade total do espa\u00e7o. Dentro de cada loja,&nbsp;apenas poder\u00e1 ficar um cliente a cada 12 metros quadrados, respeitando o distanciamento m\u00ednimo recomendado. Todos os lojistas precisam tamb\u00e9m insumos de higiene para funcion\u00e1rios e clientes.<\/p>\n\n\n\n<figure class=\"wp-block-gallery columns-1 is-cropped wp-block-gallery-1 is-layout-flex wp-block-gallery-is-layout-flex\"><ul class=\"blocks-gallery-grid\"><li class=\"blocks-gallery-item\"><figure><img loading=\"lazy\" decoding=\"async\" width=\"678\" height=\"452\" src=\"http:\/\/blogdorogeriogomes.com.br\/wp-content\/uploads\/2020\/06\/images-32.jpeg\" alt=\"\" data-id=\"17030\" data-full-url=\"http:\/\/blogdorogeriogomes.com.br\/wp-content\/uploads\/2020\/06\/images-32.jpeg\" data-link=\"http:\/\/blogdorogeriogomes.com.br\/?attachment_id=17030\" class=\"wp-image-17030\" srcset=\"https:\/\/blogdorogeriogomes.com.br\/noticias\/wp-content\/uploads\/2020\/06\/images-32.jpeg 678w, https:\/\/blogdorogeriogomes.com.br\/noticias\/wp-content\/uploads\/2020\/06\/images-32-300x200.jpeg 300w\" sizes=\"auto, (max-width: 678px) 100vw, 678px\" \/><\/figure><\/li><\/ul><\/figure>\n\n\n\n<p><\/p>\n","protected":false},"excerpt":{"rendered":"<p>A Fase 1 do plano de retomada da economia em Fortaleza, que come\u00e7a nesta segunda-feira, dia 8 de junho, garante o aumento na oferta do transporte p\u00fablico na Capital. A Etufor estima que 70% da frota normal de \u00f4nibus j\u00e1 devem estar \u00e0 disposi\u00e7\u00e3o do usu\u00e1rio. As rotas do metr\u00f4&nbsp;das&nbsp;Linha Sul, Oeste e VLT Parangaba-Mucuripe continuam operando em hor\u00e1rios diferenciados. De acordo com o Governo do Cear\u00e1, cerca de 69 mil trabalhadores est\u00e3o autorizados a voltar \u00e0s suas atividades&hellip;<\/p>\n","protected":false},"author":1,"featured_media":17030,"comment_status":"open","ping_status":"open","sticky":false,"template":"","format":"standard","meta":{"footnotes":""},"categories":[1],"tags":[],"class_list":["post-17029","post","type-post","status-publish","format-standard","has-post-thumbnail","hentry","category-noticias"],"_links":{"self":[{"href":"https:\/\/blogdorogeriogomes.com.br\/noticias\/wp-json\/wp\/v2\/posts\/17029","targetHints":{"allow":["GET"]}}],"collection":[{"href":"https:\/\/blogdorogeriogomes.com.br\/noticias\/wp-json\/wp\/v2\/posts"}],"about":[{"href":"https:\/\/blogdorogeriogomes.com.br\/noticias\/wp-json\/wp\/v2\/types\/post"}],"author":[{"embeddable":true,"href":"https:\/\/blogdorogeriogomes.com.br\/noticias\/wp-json\/wp\/v2\/users\/1"}],"replies":[{"embeddable":true,"href":"https:\/\/blogdorogeriogomes.com.br\/noticias\/wp-json\/wp\/v2\/comments?post=17029"}],"version-history":[{"count":2,"href":"https:\/\/blogdorogeriogomes.com.br\/noticias\/wp-json\/wp\/v2\/posts\/17029\/revisions"}],"predecessor-version":[{"id":17036,"href":"https:\/\/blogdorogeriogomes.com.br\/noticias\/wp-json\/wp\/v2\/posts\/17029\/revisions\/17036"}],"wp:featuredmedia":[{"embeddable":true,"href":"https:\/\/blogdorogeriogomes.com.br\/noticias\/wp-json\/wp\/v2\/media\/17030"}],"wp:attachment":[{"href":"https:\/\/blogdorogeriogomes.com.br\/noticias\/wp-json\/wp\/v2\/media?parent=17029"}],"wp:term":[{"taxonomy":"category","embeddable":true,"href":"https:\/\/blogdorogeriogomes.com.br\/noticias\/wp-json\/wp\/v2\/categories?post=17029"},{"taxonomy":"post_tag","embeddable":true,"href":"https:\/\/blogdorogeriogomes.com.br\/noticias\/wp-json\/wp\/v2\/tags?post=17029"}],"curies":[{"name":"wp","href":"https:\/\/api.w.org\/{rel}","templated":true}]}}