{"id":17032,"date":"2020-06-08T11:45:05","date_gmt":"2020-06-08T11:45:05","guid":{"rendered":"http:\/\/blogdorogeriogomes.com.br\/?p=17032"},"modified":"2020-06-08T14:30:58","modified_gmt":"2020-06-08T14:30:58","slug":"com-ministerio-da-saude-dando-sinais-de-paralisia-secretarios-estaduais-apelam-para-comprar-remedios-no-exterior-com-ajuda-de-organismos-internacionais","status":"publish","type":"post","link":"https:\/\/blogdorogeriogomes.com.br\/noticias\/2020\/06\/com-ministerio-da-saude-dando-sinais-de-paralisia-secretarios-estaduais-apelam-para-comprar-remedios-no-exterior-com-ajuda-de-organismos-internacionais\/","title":{"rendered":"Com Minist\u00e9rio da Sa\u00fade dando sinais de paralisia, secret\u00e1rios estaduais apelam para comprar rem\u00e9dios no Exterior com ajuda de organismos internacionais"},"content":{"rendered":"\n<p>O n\u00edvel de paralisia do Minist\u00e9rio da Sa\u00fade no combate \u00e0 Covid-19 est\u00e1 fazendo com que os secret\u00e1rios estaduais de sa\u00fade estejam articulando a compra de rem\u00e9dios para combater a Covid-19 com a Opas (Organiza\u00e7\u00e3o Panamericana de Sa\u00fade).&nbsp;Eles querem que a organiza\u00e7\u00e3o internacional, que \u00e9 ligada \u00e0 Organiza\u00e7\u00e3o Mundial de Sa\u00fade, &nbsp;coordene uma compra coletiva para os estados, num movimento novamente paralelo ao Minist\u00e9rio da Sa\u00fade.<\/p>\n\n\n\n<p>Enquanto isso, ainda repercute mal as mudan\u00e7as no formato de divulga\u00e7\u00e3o dos casos e mortos por coronav\u00edrus no Brasil. A nova metodologia adotada foi criticada em ve\u00edculos internacionais e redes sociais. As manchetes dos diferentes portais falavam em \u2018apag\u00e3o de dados\u2019, \u2018sumi\u00e7o de mortes\u2019 e \u2018governo elimina mortos pelo v\u00edrus\u2019. Nas redes sociais, acad\u00eamicos e jornalistas criticaram o novo formato da informa\u00e7\u00e3o.&nbsp;<\/p>\n\n\n\n<p>Levantamento feito pelas secretarias estaduais de sa\u00fade mostra que nesta segunda-feira, dia 8 de junho, h\u00e1 692.363 casos confirmados da Covid-19. S\u00e3o 36.505 mortos no Pa\u00eds pela pandemia.<\/p>\n\n\n\n<figure class=\"wp-block-gallery columns-1 is-cropped wp-block-gallery-1 is-layout-flex wp-block-gallery-is-layout-flex\"><ul class=\"blocks-gallery-grid\"><li class=\"blocks-gallery-item\"><figure><img loading=\"lazy\" decoding=\"async\" width=\"643\" height=\"477\" src=\"http:\/\/blogdorogeriogomes.com.br\/wp-content\/uploads\/2020\/06\/images-33.jpeg\" alt=\"\" data-id=\"17033\" data-full-url=\"http:\/\/blogdorogeriogomes.com.br\/wp-content\/uploads\/2020\/06\/images-33.jpeg\" data-link=\"http:\/\/blogdorogeriogomes.com.br\/?attachment_id=17033\" class=\"wp-image-17033\" srcset=\"https:\/\/blogdorogeriogomes.com.br\/noticias\/wp-content\/uploads\/2020\/06\/images-33.jpeg 643w, https:\/\/blogdorogeriogomes.com.br\/noticias\/wp-content\/uploads\/2020\/06\/images-33-300x223.jpeg 300w\" sizes=\"auto, (max-width: 643px) 100vw, 643px\" \/><\/figure><\/li><\/ul><\/figure>\n\n\n\n<p><\/p>\n","protected":false},"excerpt":{"rendered":"<p>O n\u00edvel de paralisia do Minist\u00e9rio da Sa\u00fade no combate \u00e0 Covid-19 est\u00e1 fazendo com que os secret\u00e1rios estaduais de sa\u00fade estejam articulando a compra de rem\u00e9dios para combater a Covid-19 com a Opas (Organiza\u00e7\u00e3o Panamericana de Sa\u00fade).&nbsp;Eles querem que a organiza\u00e7\u00e3o internacional, que \u00e9 ligada \u00e0 Organiza\u00e7\u00e3o Mundial de Sa\u00fade, &nbsp;coordene uma compra coletiva para os estados, num movimento novamente paralelo ao Minist\u00e9rio da Sa\u00fade. Enquanto isso, ainda repercute mal as mudan\u00e7as no formato de divulga\u00e7\u00e3o dos casos&hellip;<\/p>\n","protected":false},"author":1,"featured_media":17033,"comment_status":"open","ping_status":"open","sticky":false,"template":"","format":"standard","meta":{"footnotes":""},"categories":[1],"tags":[],"class_list":["post-17032","post","type-post","status-publish","format-standard","has-post-thumbnail","hentry","category-noticias"],"_links":{"self":[{"href":"https:\/\/blogdorogeriogomes.com.br\/noticias\/wp-json\/wp\/v2\/posts\/17032","targetHints":{"allow":["GET"]}}],"collection":[{"href":"https:\/\/blogdorogeriogomes.com.br\/noticias\/wp-json\/wp\/v2\/posts"}],"about":[{"href":"https:\/\/blogdorogeriogomes.com.br\/noticias\/wp-json\/wp\/v2\/types\/post"}],"author":[{"embeddable":true,"href":"https:\/\/blogdorogeriogomes.com.br\/noticias\/wp-json\/wp\/v2\/users\/1"}],"replies":[{"embeddable":true,"href":"https:\/\/blogdorogeriogomes.com.br\/noticias\/wp-json\/wp\/v2\/comments?post=17032"}],"version-history":[{"count":2,"href":"https:\/\/blogdorogeriogomes.com.br\/noticias\/wp-json\/wp\/v2\/posts\/17032\/revisions"}],"predecessor-version":[{"id":17035,"href":"https:\/\/blogdorogeriogomes.com.br\/noticias\/wp-json\/wp\/v2\/posts\/17032\/revisions\/17035"}],"wp:featuredmedia":[{"embeddable":true,"href":"https:\/\/blogdorogeriogomes.com.br\/noticias\/wp-json\/wp\/v2\/media\/17033"}],"wp:attachment":[{"href":"https:\/\/blogdorogeriogomes.com.br\/noticias\/wp-json\/wp\/v2\/media?parent=17032"}],"wp:term":[{"taxonomy":"category","embeddable":true,"href":"https:\/\/blogdorogeriogomes.com.br\/noticias\/wp-json\/wp\/v2\/categories?post=17032"},{"taxonomy":"post_tag","embeddable":true,"href":"https:\/\/blogdorogeriogomes.com.br\/noticias\/wp-json\/wp\/v2\/tags?post=17032"}],"curies":[{"name":"wp","href":"https:\/\/api.w.org\/{rel}","templated":true}]}}